{"id":11443,"date":"2025-12-30T17:17:24","date_gmt":"2025-12-30T16:17:24","guid":{"rendered":"https:\/\/unpassetrespresent.com\/?p=11443"},"modified":"2025-12-30T17:17:24","modified_gmt":"2025-12-30T16:17:24","slug":"ia-generative-memoire-holocauste-unesco","status":"publish","type":"post","link":"https:\/\/unpassetrespresent.com\/en\/ia-generative-memoire-holocauste-unesco\/","title":{"rendered":"L&rsquo;IA g\u00e9n\u00e9rative et la m\u00e9moire de l&rsquo;Holocauste"},"content":{"rendered":"<figure id=\"attachment_11456\" aria-describedby=\"caption-attachment-11456\" style=\"width: 1014px\" class=\"wp-caption aligncenter\"><img data-recalc-dims=\"1\" fetchpriority=\"high\" decoding=\"async\" class=\"wp-image-11456 size-large\" src=\"https:\/\/i0.wp.com\/unpassetrespresent.com\/wp-content\/uploads\/2025\/12\/NE-FAITES-PAS-Nimporte-quoi-avec-lIA-1.png?resize=1024%2C1024&#038;ssl=1\" alt=\"Image de sensibilisation avec le texte &quot;Ne faites pas n'importe quoi avec l'IA&quot; sur fond d'archive historique, illustrant les enjeux de l'IA g\u00e9n\u00e9rative pour la m\u00e9moire de la Shoah.\" width=\"1024\" height=\"1024\" srcset=\"https:\/\/i0.wp.com\/unpassetrespresent.com\/wp-content\/uploads\/2025\/12\/NE-FAITES-PAS-Nimporte-quoi-avec-lIA-1.webp?resize=1024%2C1024&amp;ssl=1 1024w, https:\/\/i0.wp.com\/unpassetrespresent.com\/wp-content\/uploads\/2025\/12\/NE-FAITES-PAS-Nimporte-quoi-avec-lIA-1.webp?resize=300%2C300&amp;ssl=1 300w, https:\/\/i0.wp.com\/unpassetrespresent.com\/wp-content\/uploads\/2025\/12\/NE-FAITES-PAS-Nimporte-quoi-avec-lIA-1.webp?resize=150%2C150&amp;ssl=1 150w, https:\/\/i0.wp.com\/unpassetrespresent.com\/wp-content\/uploads\/2025\/12\/NE-FAITES-PAS-Nimporte-quoi-avec-lIA-1.webp?resize=768%2C768&amp;ssl=1 768w, https:\/\/i0.wp.com\/unpassetrespresent.com\/wp-content\/uploads\/2025\/12\/NE-FAITES-PAS-Nimporte-quoi-avec-lIA-1.webp?resize=12%2C12&amp;ssl=1 12w, https:\/\/i0.wp.com\/unpassetrespresent.com\/wp-content\/uploads\/2025\/12\/NE-FAITES-PAS-Nimporte-quoi-avec-lIA-1.webp?w=1200&amp;ssl=1 1200w\" sizes=\"(max-width: 1024px) 100vw, 1024px\" \/><figcaption id=\"caption-attachment-11456\" class=\"wp-caption-text\">La vigilance est de mise : l&rsquo;IA g\u00e9n\u00e9rative doit rester un outil de transmission encadr\u00e9, et non un vecteur de d\u00e9formation historique.<\/figcaption><\/figure>\n<p>&nbsp;<\/p>\n<p>Face \u00e0 l&rsquo;essor de l&rsquo;<b data-path-to-node=\"10,0\" data-index-in-node=\"22\">IA g\u00e9n\u00e9rative<\/b>, la <b data-path-to-node=\"10,0\" data-index-in-node=\"40\">m\u00e9moire<\/b> de l&rsquo;<b data-path-to-node=\"10,0\" data-index-in-node=\"53\">Holocauste<\/b> est confront\u00e9e \u00e0 de nouveaux d\u00e9fis technologiques. Alors que les derniers t\u00e9moins s\u2019\u00e9teignent, l\u2019UNESCO alerte sur les risques de d\u00e9naturation de l\u2019histoire par les algorithmes. Entre les d\u00e9rives constat\u00e9es sur certaines plateformes et les outils de protection innovants, l\u2019int\u00e9grit\u00e9 de notre pass\u00e9 est en jeu.<\/p>\n<h2 class=\"wp-block-heading\">Une menace pour la v\u00e9rit\u00e9 historique : l\u2019alerte de l\u2019UNESCO<\/h2>\n<p>Le constat est sans appel. Dans un rapport r\u00e9cent, l\u2019<strong>UNESCO<\/strong> tire la sonnette d\u2019alarme : l\u2019IA g\u00e9n\u00e9rative menace la rigueur de l\u2019histoire de l\u2019Holocauste. Selon l&rsquo;organisation, ces technologies peuvent, par leurs \u00ab hallucinations \u00bb (la g\u00e9n\u00e9ration de faits erron\u00e9s mais pr\u00e9sent\u00e9s avec assurance), alt\u00e9rer la compr\u00e9hension du pass\u00e9.<\/p>\n<blockquote class=\"wp-block-quote\"><p>\u00ab Cette d\u00e9naturation num\u00e9rique fragilise la r\u00e9silience de nos soci\u00e9t\u00e9s face au n\u00e9gationnisme. \u00bb<\/p>\n<p><cite>\u2014 Rapport UNESCO<\/cite><\/p><\/blockquote>\n<p>L\u2019UNESCO souligne que les mod\u00e8les de langage, s\u2019ils sont entra\u00een\u00e9s sur des donn\u00e9es biais\u00e9es ou incompl\u00e8tes, peuvent produire des r\u00e9cits simplifi\u00e9s, voire totalement invent\u00e9s. Plus grave encore, le risque de cr\u00e9ation de \u00ab deepfakes \u00bb pourrait saper la base documentaire sur laquelle repose la recherche historique. <a href=\"https:\/\/www.unesco.org\/fr\/articles\/lia-generative-menace-lhistoire-de-lholocauste-rapport-unesco\" target=\"_blank\" rel=\"noreferrer noopener\">Comme le souligne l&rsquo;UNESCO<\/a>, cette d\u00e9rive est une priorit\u00e9 de s\u00e9curit\u00e9 culturelle.<\/p>\n<h2 class=\"wp-block-heading\">Le cas Grok : quand l\u2019IA d\u00e9rive vers le n\u00e9gationnisme<\/h2>\n<p>La th\u00e9orie rencontre parfois une r\u00e9alit\u00e9 brutale. La plateforme <strong>X (ex-Twitter)<\/strong>, sous la direction d\u2019Elon Musk, est actuellement sous le feu des critiques. Comme le rapporte <a href=\"https:\/\/www.franceinfo.fr\/internet\/elon-musk\/l-enquete-sur-la-plateforme-x-etendue-a-des-propos-negationnistes-publies-par-son-ia-grok_7626962.html\" target=\"_blank\" rel=\"noreferrer noopener\">Franceinfo<\/a>, une enqu\u00eate a \u00e9t\u00e9 \u00e9tendue apr\u00e8s que l\u2019IA de la plateforme, baptis\u00e9e <strong>Grok<\/strong>, a g\u00e9n\u00e9r\u00e9 des propos \u00e0 caract\u00e8re n\u00e9gationniste.<\/p>\n<p>Ce d\u00e9rapage illustre le danger de confier la m\u00e9diation de l\u2019histoire \u00e0 des algorithmes sans garde-fous \u00e9thiques ou historiques solides. Lorsque l&rsquo;IA devient un porte-voix pour la haine ou la remise en cause de faits av\u00e9r\u00e9s, c&rsquo;est toute la structure de la v\u00e9rit\u00e9 publique qui vacille.<\/p>\n<h2 class=\"wp-block-heading\">L\u2019IA comme bouclier : l\u2019exemple du Mus\u00e9e d\u2019Auschwitz<\/h2>\n<p>Pourtant, la technologie n&rsquo;est pas qu&rsquo;une menace ; elle peut aussi se faire gardienne du temple. Face \u00e0 l\u2019afflux de commentaires haineux et de th\u00e9ories du complot sur les r\u00e9seaux sociaux, le <strong>M\u00e9morial d\u2019Auschwitz-Birkenau<\/strong> a d\u00e9cid\u00e9 de r\u00e9pliquer avec les m\u00eames armes.<\/p>\n<p>En collaboration avec la startup <strong>TrollWall<\/strong>, le mus\u00e9e utilise d\u00e9sormais une IA sp\u00e9cialis\u00e9e pour d\u00e9tecter et masquer automatiquement les commentaires haineux et les discours n\u00e9gationnistes sur ses pages sociales. Comme le d\u00e9taille <a href=\"https:\/\/www.club-innovation-culture.fr\/musee-auschwitz-startup-ia-trollwall-cooperation-lutter-haine-en-ligne\/\" target=\"_blank\" rel=\"noreferrer noopener\">le Club Innovation &amp; Culture<\/a>, cette coop\u00e9ration vise \u00e0 pr\u00e9server la dignit\u00e9 des victimes et \u00e0 maintenir un espace de dialogue respectueux en ligne.<\/p>\n<h2 class=\"wp-block-heading\">Conclusion : Vers une vigilance augment\u00e9e<\/h2>\n<p>L\u2019enjeu m\u00e9moriel \u00e0 l\u2019\u00e8re de l\u2019IA ne se r\u00e9sume pas \u00e0 une opposition binaire entre progr\u00e8s technique et tradition historienne. Comme nous l&rsquo;avons vu, si l&rsquo;outil peut \u00eatre un alli\u00e9 pr\u00e9cieux pour structurer la pens\u00e9e et diffuser le savoir, il exige une vigilance de chaque instant. Le rapport de l\u2019UNESCO est clair : sans garde-fous, la d\u00e9naturation num\u00e9rique menace directement la r\u00e9silience de nos soci\u00e9t\u00e9s face au n\u00e9gationnisme.<\/p>\n<p>L&rsquo;exp\u00e9rience du Mus\u00e9e d\u2019Auschwitz avec TrollWall d\u00e9montre que l&rsquo;IA peut servir de bouclier pour pr\u00e9server la dignit\u00e9 des victimes face \u00e0 la haine en ligne. \u00c0 l&rsquo;inverse, les d\u00e9rives constat\u00e9es sur des plateformes comme X avec l&rsquo;IA Grok rappellent l&rsquo;urgence d&rsquo;une r\u00e9gulation \u00e9thique et d&rsquo;une m\u00e9diation humaine rigoureuse.<\/p>\n<p>Pour que le pass\u00e9 reste \u00ab tr\u00e8s pr\u00e9sent \u00bb de mani\u00e8re juste et document\u00e9e, nous devons apprendre \u00e0 piloter ces algorithmes sans leur d\u00e9l\u00e9guer notre esprit critique. Car si la machine est capable d&rsquo;organiser les faits, il appartient aux humains, et \u00e0 eux seuls, de veiller \u00e0 ce qu&rsquo;elle n&rsquo;invente jamais l&rsquo;histoire.<\/p>\n<div class=\"wp-block-group has-faint-background-color-background-color has-background\" style=\"border-color: #e5e5e5; border-width: 1px; border-radius: 5px; padding: 20px;\">\n<h3 class=\"wp-block-heading\">Une transparence n\u00e9cessaire : \u00ab Et pourtant, je l\u2019utilise \u00bb<\/h3>\n<p>Pour \u00eatre totalement transparent avec vous, cet article a \u00e9t\u00e9 con\u00e7u avec l\u2019aide de l\u2019intelligence artificielle, en l&rsquo;occurrence <strong>Gemini (Google)<\/strong>. Je l\u2019utilise comme un v\u00e9ritable partenaire de r\u00e9daction : elle repr\u00e9sente un gain de temps pr\u00e9cieux et une efficacit\u00e9 redoutable pour mettre en ordre mes id\u00e9es. Dans un \u00e9cosyst\u00e8me num\u00e9rique o\u00f9 chaque plateforme poss\u00e8de ses propres codes de r\u00e9f\u00e9rencement, l&rsquo;IA est devenue un outil presque indispensable pour adapter un contenu \u00e0 des supports multiples.<\/p>\n<p>Il ne s&rsquo;agit pas de rejeter l&rsquo;outil en bloc \u2014 ce qui reviendrait \u00e0 vouloir interrompre le cours du temps \u2014 mais de l&rsquo;apprivoiser. Savoir utiliser l\u2019IA, c&rsquo;est aussi apprendre \u00e0 en reconna\u00eetre les failles. Lorsque le r\u00e9cit historique semble \u00ab trop beau \u00bb ou qu&rsquo;une image para\u00eet trop parfaite, cela m&rsquo;indique imm\u00e9diatement des pistes de v\u00e9rification n\u00e9cessaires. L\u2019utiliser, c\u2019est finalement mieux comprendre \u00e0 quel type de discours nous avons affaire aujourd\u2019hui.<\/p>\n<\/div>\n<hr class=\"wp-block-separator has-alpha-channel-opacity\" \/>\n<h4 class=\"wp-block-heading\">Sources cit\u00e9es :<\/h4>\n<ul>\n<li><a href=\"https:\/\/www.unesco.org\/fr\/articles\/lia-generative-menace-lhistoire-de-lholocauste-rapport-unesco\" target=\"_blank\" rel=\"noreferrer noopener\">UNESCO : Rapport sur l&rsquo;IA et l&rsquo;Holocauste<\/a><\/li>\n<li><a href=\"https:\/\/www.franceinfo.fr\/internet\/elon-musk\/l-enquete-sur-la-plateforme-x-etendue-a-des-propos-negationnistes-publies-par-son-ia-grok_7626962.html\" target=\"_blank\" rel=\"noreferrer noopener\">Franceinfo : Enqu\u00eate sur Grok et X<\/a><\/li>\n<li><a href=\"https:\/\/www.club-innovation-culture.fr\/musee-auschwitz-startup-ia-trollwall-cooperation-lutter-haine-en-ligne\/\" target=\"_blank\" rel=\"noreferrer noopener\">Club Innovation &amp; Culture : Auschwitz et TrollWall<\/a><\/li>\n<\/ul>\n<h4>\u00c0 voir \u00e9galement :<\/h4>\n<p>D\u00e9but d\u00e9cembre, Karel Fracapane, responsable \u00ab m\u00e9moire et lutte contre les discriminations \u00bb au Secteur de l\u2019\u00e9ducation de l\u2019UNESCO donnait une conf\u00e9rence sur le sujet au <a href=\"https:\/\/www.chrd.lyon.fr\/\" target=\"_blank\" rel=\"noopener\">Centre d&rsquo;Histoire de la R\u00e9sistance et de la D\u00e9portation<\/a> de Lyon.<\/p>\n<p><iframe title=\"La m\u00e9moire de la Shoah en danger face \u00e0 l&#039;IA | Par Karel Fracapane\" width=\"1200\" height=\"675\" src=\"https:\/\/www.youtube.com\/embed\/Nop0Ht3wtig?feature=oembed\" frameborder=\"0\" allow=\"accelerometer; autoplay; clipboard-write; encrypted-media; gyroscope; picture-in-picture; web-share\" referrerpolicy=\"strict-origin-when-cross-origin\" allowfullscreen><\/iframe><\/p>\n<p>O\u00f9 se pose d&rsquo;ailleurs la question de la controverse autour de la d\u00e9finition de l&rsquo;antis\u00e9mitisme, mais nous verrons ceci en 2026.<\/p>\n<p><a href=\"https:\/\/unpassetrespresent.com\/en\/dans-la-jungle-2-0\/\">Un sujet que j&rsquo;avais commenc\u00e9 \u00e0 \u00e9voquer il y a un certain temps.<\/a><\/p>\n<p><a href=\"https:\/\/unpassetrespresent.com\/en\/les-ss-aux-petits-pieds\/\">Le n\u00e9gationnisme utilisant les anciens modes de communication n&rsquo;a cependant pas disparu pour autant.<\/a><\/p>\n<p><script type=\"application\/ld+json\">\n{\n  \"@context\": \"https:\/\/schema.org\",\n  \"@type\": \"NewsArticle\",\n  \"headline\": \"L\u2019IA g\u00e9n\u00e9rative face au d\u00e9fi de la m\u00e9moire : quand le pass\u00e9 rencontre l\u2019algorithme\",\n  \"description\": \"Analyse de l'impact des IA g\u00e9n\u00e9ratives sur la transmission de la m\u00e9moire de la Shoah suite au rapport de l'UNESCO.\",\n  \"image\": \"https:\/\/unpassetrespresent.com\/wp-content\/uploads\/votre-image-ia.jpg\", \n  \"datePublished\": \"2025-12-30T15:00:00+01:00\",\n  \"dateModified\": \"2025-12-30T15:00:00+01:00\",\n  \"author\": {\n    \"@type\": \"Organization\",\n    \"name\": \"R\u00e9daction Un Pass\u00e9 Tr\u00e8s Pr\u00e9sent\",\n    \"url\": \"https:\/\/unpassetrespresent.com\"\n  },\n  \"publisher\": {\n    \"@type\": \"Organization\",\n    \"name\": \"Un Pass\u00e9 Tr\u00e8s Pr\u00e9sent\",\n    \"logo\": {\n      \"@type\": \"ImageObject\",\n      \"url\": \"https:\/\/unpassetrespresent.com\/logo.png\"\n    }\n  },\n  \"mainEntityOfPage\": {\n    \"@type\": \"WebPage\",\n    \"@id\": \"https:\/\/unpassetrespresent.com\/ia-generative-memoire-holocauste-unesco\"\n  }\n}\n<\/script><\/p>\n<p>Bon r\u00e9veillon \u00e0 toutes et tous.<\/p>","protected":false},"excerpt":{"rendered":"<p>L\u2019IA g\u00e9n\u00e9rative menace-t-elle la m\u00e9moire de l\u2019Holocauste ? D\u00e9couvrez le rapport de l\u2019UNESCO sur les d\u00e9rives des algorithmes et les outils pour prot\u00e9ger l&rsquo;histoire.<\/p>","protected":false},"author":31877977,"featured_media":0,"comment_status":"open","ping_status":"open","sticky":false,"template":"","format":"standard","meta":{"_wpcom_ai_launchpad_first_post":false,"footnotes":"","jetpack_publicize_message":"{title}\n\n{excerpt}\n\n{url}","jetpack_publicize_feature_enabled":true,"jetpack_social_post_already_shared":true,"jetpack_social_options":{"image_generator_settings":{"template":"highway","default_image_id":0,"font":"","enabled":false},"version":2},"_wpas_customize_per_network":false,"jetpack_post_was_ever_published":false},"categories":[27785,701536491,685626844,1001,8737],"tags":[778139,701537788,701537648,701536609,701537653,701537429,701537784,701537658,701536616,701537787,701537789,701537427,701537786,701537677,701537676,701537785,701536611],"class_list":["post-11443","post","type-post","status-publish","format-standard","hentry","category-histoire","category-memoire-et-societe","category-musees-lieux-de-memoire","category-politique","category-pop-culture","tag-deuxieme-guerre-mondiale","tag-auschwitz","tag-education","tag-culture","tag-esprit-critique","tag-histoire","tag-intelligence-artificielle","tag-journalisme","tag-methode","tag-negationnisme","tag-numerique","tag-seconde-guerre-mondiale","tag-shoah","tag-transmission","tag-transmission-memorielle","tag-unesco","tag-xxe-siecle"],"jetpack_publicize_connections":[],"jetpack_likes_enabled":true,"jetpack_shortlink":"https:\/\/wp.me\/paCHR7-2Yz","jetpack-related-posts":[{"id":5529,"url":"https:\/\/unpassetrespresent.com\/en\/transmission-memoire-resistance-est-lyonnais\/","url_meta":{"origin":11443,"position":0},"title":"TRANSMETTRE LA M\u00c9MOIRE DANS L&rsquo;EST LYONNAIS","author":"Martial Roche","date":"10 March 2022","format":false,"excerpt":"D\u00e9couvrez comment les r\u00e9seaux associatifs de l\u2019Est Lyonnais \u0153uvrent pour la transmission de la m\u00e9moire de la R\u00e9sistance et de la d\u00e9portation aupr\u00e8s des jeunes g\u00e9n\u00e9rations.","rel":"","context":"In &quot;M\u00e9moire et soci\u00e9t\u00e9&quot;","block_context":{"text":"M\u00e9moire et soci\u00e9t\u00e9","link":"https:\/\/unpassetrespresent.com\/en\/category\/memoire-et-societe\/"},"img":{"alt_text":"","src":"","width":0,"height":0},"classes":[]},{"id":10902,"url":"https:\/\/unpassetrespresent.com\/en\/matt-pokora-oradour-transmission-memorielle\/","url_meta":{"origin":11443,"position":1},"title":"Transmission M\u00e9morielle \u00e0 Oradour : Quand la pop rencontre l&rsquo;Histoire Traumatique","author":"Martial Roche","date":"26 September 2025","format":false,"excerpt":"Transmission M\u00e9morielle \u00e0 Oradour : Quand la pop rencontre l'Histoire Traumatique \u00a0 \u00a0 L'onde de choc du projet : Matt Pokora et Oradour \u00a0 Un projet de t\u00e9l\u00e9film de fiction sur le massacre d\u2019Oradour-sur-Glane est en cours de pr\u00e9paration, suscitant un d\u00e9bat passionnant et n\u00e9cessaire autour de la transmission m\u00e9morielle.\u2026","rel":"","context":"In &quot;Histoire&quot;","block_context":{"text":"Histoire","link":"https:\/\/unpassetrespresent.com\/en\/category\/histoire\/"},"img":{"alt_text":"","src":"","width":0,"height":0},"classes":[]},{"id":11122,"url":"https:\/\/unpassetrespresent.com\/en\/graffitis-et-memoire\/","url_meta":{"origin":11443,"position":2},"title":"Avis de Recherche : Qui se cache derri\u00e8re les graffitis Guingouin et Oradour en Limousin ?","author":"Martial Roche","date":"3 November 2025","format":false,"excerpt":"\ud83d\udce2 APPEL \u00c0 T\u00c9MOINS : Auteurs de graffitis de la R\u00e9sistance, parlez-nous ! \u270d\ufe0f Quand la R\u00e9sistance s'\u00e9crit sur les murs : Guingouin, Oradour et la m\u00e9moire tagu\u00e9e \u00a0 De la Rome antique aux r\u00e9volutions du XXe si\u00e8cle, le graffiti a toujours \u00e9t\u00e9 la voix du peuple, le canal d'expression\u2026","rel":"","context":"In &quot;Courrier des lecteurs&quot;","block_context":{"text":"Courrier des lecteurs","link":"https:\/\/unpassetrespresent.com\/en\/category\/courrier-des-lecteurs\/"},"img":{"alt_text":"Au printemps 2009, au cours de l'affaire de Tarnac, sur un hangar de la gare d'Eymoutiers, un tag fait le parall\u00e8le entre Julien Coupat, principale figure du groupe d'inculp\u00e9s de l'affaire, et Georges Guingouin. Il se trouve que c'est dans ces lieux que Guingouin a men\u00e9 sa premi\u00e8re op\u00e9ration de sabotage d'envergure en dynamitant une botteleuse destin\u00e9e \u00e0 la r\u00e9quisition du foin.","src":"https:\/\/i0.wp.com\/unpassetrespresent.com\/wp-content\/uploads\/2019\/03\/tag-eymoutiers-10-ans-grande.webp?resize=350%2C200&ssl=1","width":350,"height":200,"srcset":"https:\/\/i0.wp.com\/unpassetrespresent.com\/wp-content\/uploads\/2019\/03\/tag-eymoutiers-10-ans-grande.webp?resize=350%2C200&ssl=1 1x, https:\/\/i0.wp.com\/unpassetrespresent.com\/wp-content\/uploads\/2019\/03\/tag-eymoutiers-10-ans-grande.webp?resize=525%2C300&ssl=1 1.5x, https:\/\/i0.wp.com\/unpassetrespresent.com\/wp-content\/uploads\/2019\/03\/tag-eymoutiers-10-ans-grande.webp?resize=700%2C400&ssl=1 2x, https:\/\/i0.wp.com\/unpassetrespresent.com\/wp-content\/uploads\/2019\/03\/tag-eymoutiers-10-ans-grande.webp?resize=1050%2C600&ssl=1 3x"},"classes":[]},{"id":5563,"url":"https:\/\/unpassetrespresent.com\/en\/memoires\/","url_meta":{"origin":11443,"position":3},"title":"M\u00c9MOIRE(S)","author":"Martial Roche","date":"18 March 2022","format":false,"excerpt":"J'ai souhait\u00e9 approfondir la discussion autour de trois questions. Aujourd'hui, diversit\u00e9 des m\u00e9moires, m\u00e9moires de la diversit\u00e9.","rel":"","context":"In &quot;M\u00e9moire et soci\u00e9t\u00e9&quot;","block_context":{"text":"M\u00e9moire et soci\u00e9t\u00e9","link":"https:\/\/unpassetrespresent.com\/en\/category\/memoire-et-societe\/"},"img":{"alt_text":"","src":"https:\/\/i0.wp.com\/img.youtube.com\/vi\/bYH2po7_z8A\/0.jpg?resize=350%2C200","width":350,"height":200},"classes":[]},{"id":4946,"url":"https:\/\/unpassetrespresent.com\/en\/dernier-compagnon-de-la-liberation\/","url_meta":{"origin":11443,"position":4},"title":"M\u00c9MOIRE DE LA SECONDE GUERRE MONDIALE : ET APR\u00c8S LE DERNIER COMPAGNON DE LA LIB\u00c9RATION ?","author":"Martial Roche","date":"10 November 2021","format":false,"excerpt":"D\u00e9couvrez comment les obs\u00e8ques du dernier Compagnon de la Lib\u00e9ration le 11 novembre 2021 ont relanc\u00e9 le d\u00e9bat sur la m\u00e9moire de la Seconde Guerre Mondiale et les futures obs\u00e8ques nationales. Analyse de la figure du Poilu face aux multiples visages des t\u00e9moins de 1945.","rel":"","context":"In &quot;Histoire&quot;","block_context":{"text":"Histoire","link":"https:\/\/unpassetrespresent.com\/en\/category\/histoire\/"},"img":{"alt_text":"Obs\u00e8ques dernier Compagnon Lib\u00e9ration 11 novembre 2021","src":"https:\/\/i0.wp.com\/unpassetrespresent.com\/wp-content\/uploads\/2021\/11\/Capture-decran-2025-07-14-a-15.31.23-1024x1007.png?resize=350%2C200&ssl=1","width":350,"height":200,"srcset":"https:\/\/i0.wp.com\/unpassetrespresent.com\/wp-content\/uploads\/2021\/11\/Capture-decran-2025-07-14-a-15.31.23-1024x1007.png?resize=350%2C200&ssl=1 1x, https:\/\/i0.wp.com\/unpassetrespresent.com\/wp-content\/uploads\/2021\/11\/Capture-decran-2025-07-14-a-15.31.23-1024x1007.png?resize=525%2C300&ssl=1 1.5x, https:\/\/i0.wp.com\/unpassetrespresent.com\/wp-content\/uploads\/2021\/11\/Capture-decran-2025-07-14-a-15.31.23-1024x1007.png?resize=700%2C400&ssl=1 2x"},"classes":[]},{"id":5598,"url":"https:\/\/unpassetrespresent.com\/en\/en-parler-aux-enfants\/","url_meta":{"origin":11443,"position":5},"title":"EN PARLER AUX ENFANTS","author":"Martial Roche","date":"23 March 2022","format":false,"excerpt":"Comment aborder la deuxi\u00e8me guerre mondial avec un public tr\u00e8s jeune ? Comment leur faire comprendre l'essentiel tout en les pr\u00e9servant de la duret\u00e9 de cette histoire ?","rel":"","context":"In &quot;M\u00e9moire et soci\u00e9t\u00e9&quot;","block_context":{"text":"M\u00e9moire et soci\u00e9t\u00e9","link":"https:\/\/unpassetrespresent.com\/en\/category\/memoire-et-societe\/"},"img":{"alt_text":"","src":"https:\/\/i0.wp.com\/img.youtube.com\/vi\/VvIubHwH2N8\/0.jpg?resize=350%2C200","width":350,"height":200},"classes":[]}],"jetpack_featured_media_url":"","_links":{"self":[{"href":"https:\/\/unpassetrespresent.com\/en\/wp-json\/wp\/v2\/posts\/11443","targetHints":{"allow":["GET"]}}],"collection":[{"href":"https:\/\/unpassetrespresent.com\/en\/wp-json\/wp\/v2\/posts"}],"about":[{"href":"https:\/\/unpassetrespresent.com\/en\/wp-json\/wp\/v2\/types\/post"}],"author":[{"embeddable":true,"href":"https:\/\/unpassetrespresent.com\/en\/wp-json\/wp\/v2\/users\/31877977"}],"replies":[{"embeddable":true,"href":"https:\/\/unpassetrespresent.com\/en\/wp-json\/wp\/v2\/comments?post=11443"}],"version-history":[{"count":14,"href":"https:\/\/unpassetrespresent.com\/en\/wp-json\/wp\/v2\/posts\/11443\/revisions"}],"predecessor-version":[{"id":11458,"href":"https:\/\/unpassetrespresent.com\/en\/wp-json\/wp\/v2\/posts\/11443\/revisions\/11458"}],"wp:attachment":[{"href":"https:\/\/unpassetrespresent.com\/en\/wp-json\/wp\/v2\/media?parent=11443"}],"wp:term":[{"taxonomy":"category","embeddable":true,"href":"https:\/\/unpassetrespresent.com\/en\/wp-json\/wp\/v2\/categories?post=11443"},{"taxonomy":"post_tag","embeddable":true,"href":"https:\/\/unpassetrespresent.com\/en\/wp-json\/wp\/v2\/tags?post=11443"}],"curies":[{"name":"wp","href":"https:\/\/api.w.org\/{rel}","templated":true}]}}