{"id":12351,"date":"2026-02-13T08:00:00","date_gmt":"2026-02-13T07:00:00","guid":{"rendered":"https:\/\/unpassetrespresent.com\/?p=12351"},"modified":"2026-03-20T12:25:26","modified_gmt":"2026-03-20T11:25:26","slug":"liran-en-1941-invasion-neutralite-et-memoire","status":"publish","type":"post","link":"https:\/\/unpassetrespresent.com\/en\/liran-en-1941-invasion-neutralite-et-memoire\/","title":{"rendered":"L\u2019Iran en 1941 : Invasion, Neutralit\u00e9 et M\u00e9moire"},"content":{"rendered":"<h1 class=\"wp-block-heading\">L\u2019Iran en 1941 : Un carrefour d\u2019empires et de m\u00e9moires<\/h1>\n\n\n\n<p class=\"wp-block-paragraph\"><strong>Alors que l&rsquo;Iran se trouve aujourd&rsquo;hui au c\u0153ur de tensions internationales exacerb\u00e9es et traverse une phase de contestation interne marqu\u00e9e par une r\u00e9pression sanglante &#8211; 30 000 morts selon plusieurs estimations, l\u2019analyse de son socle historique apporte une cl\u00e9 de lecture des enjeux de tensions internes et externes du pays. Pour comprendre la posture de m\u00e9fiance du r\u00e9gime actuel et les repr\u00e9sentations qu&rsquo;il mobilise, on remonter \u00e0 1941. Cette ann\u00e9e-l\u00e0, l&rsquo;invasion du pays par les Alli\u00e9s a laiss\u00e9 une trace ind\u00e9l\u00e9bile sur la perception iranienne de la souverainet\u00e9 et de l&rsquo;ing\u00e9rence. Retour sur un pass\u00e9 qui, plus que jamais, structure le pr\u00e9sent.<\/strong><br \/><\/p>\n\n\n\n<hr class=\"wp-block-separator has-alpha-channel-opacity\" \/>\n\n\n<div class=\"wp-block-image\">\n<figure class=\"aligncenter size-full\"><img data-recalc-dims=\"1\" fetchpriority=\"high\" decoding=\"async\" width=\"500\" height=\"347\" src=\"https:\/\/i0.wp.com\/unpassetrespresent.com\/wp-content\/uploads\/2026\/02\/soldat-russe-britannique-iran.webp?resize=500%2C347&#038;ssl=1\" alt=\"Soldats sovi\u00e9tiques et britanniques marchant c\u00f4te \u00e0 c\u00f4te lors de l'invasion de l'Iran en 1941.\" class=\"wp-image-12354\" srcset=\"https:\/\/i0.wp.com\/unpassetrespresent.com\/wp-content\/uploads\/2026\/02\/soldat-russe-britannique-iran.webp?w=500&amp;ssl=1 500w, https:\/\/i0.wp.com\/unpassetrespresent.com\/wp-content\/uploads\/2026\/02\/soldat-russe-britannique-iran.webp?resize=300%2C208&amp;ssl=1 300w, https:\/\/i0.wp.com\/unpassetrespresent.com\/wp-content\/uploads\/2026\/02\/soldat-russe-britannique-iran.webp?resize=150%2C104&amp;ssl=1 150w, https:\/\/i0.wp.com\/unpassetrespresent.com\/wp-content\/uploads\/2026\/02\/soldat-russe-britannique-iran.webp?resize=18%2C12&amp;ssl=1 18w\" sizes=\"(max-width: 500px) 100vw, 500px\" \/><figcaption class=\"wp-element-caption\">Rencontre et fraternisation entre fantassins sovi\u00e9tiques (\u00e0 gauche) et britanniques (\u00e0 droite) apr\u00e8s leur jonction sur le territoire iranien, ao\u00fbt 1941. (Source : Domaine public \/ Agence TASS)<\/figcaption><\/figure>\n<\/div>\n\n\n<p class=\"wp-block-paragraph\">Le 25 ao\u00fbt 1941, les forces britanniques et sovi\u00e9tiques p\u00e9n\u00e8trent sur le territoire iranien. Cette op\u00e9ration, nomm\u00e9e <strong>\u00ab Countenance \u00bb<\/strong> par les Alli\u00e9s, met fin brutalement \u00e0 la neutralit\u00e9 de T\u00e9h\u00e9ran. Pour l&rsquo;historien, cet \u00e9v\u00e9nement n&rsquo;est pas un accident de parcours, mais le point de bascule entre l&rsquo;influence imp\u00e9riale du XIXe si\u00e8cle et les imp\u00e9ratifs de la Guerre Totale.<\/p>\n\n\n\n<h2 class=\"wp-block-heading\">La profondeur de champ : La persistance du \u00ab Grand Jeu \u00bb<\/h2>\n\n\n\n<p class=\"wp-block-paragraph\">L&rsquo;invasion de 1941 s&rsquo;inscrit dans la continuit\u00e9 du <strong>\u00ab Grand Jeu \u00bb<\/strong> du XIXe si\u00e8cle, cette rivalit\u00e9 d&rsquo;influence entre l&rsquo;Empire britannique et l&rsquo;Empire russe sur le plateau iranien.<\/p>\n\n\n\n<ul class=\"wp-block-list\">\n<li><strong>L\u2019h\u00e9ritage de 1907 :<\/strong> L&rsquo;accord anglo-russe avait divis\u00e9 le pays en zones d&rsquo;influence, une humiliation qui a forg\u00e9 le nationalisme iranien moderne. Comme je l&rsquo;\u00e9voquais dans l&rsquo;article <a href=\"https:\/\/unpassetrespresent.com\/en\/lhistoire-begaie-telle\/\">L&rsquo;histoire b\u00e9gaie-t-elle ?<\/a>, les cycles de pression internationale semblent se r\u00e9p\u00e9ter.<\/li>\n\n\n\n<li><strong>La strat\u00e9gie de la \u00ab troisi\u00e8me puissance \u00bb :<\/strong> Sous Reza Chah, l&rsquo;Iran a cherch\u00e9 \u00e0 rompre ce face-\u00e0-face en se tournant vers l&rsquo;Allemagne, per\u00e7ue comme un partenaire technique sans pass\u00e9 colonial dans la r\u00e9gion. En 1940, l&rsquo;Allemagne \u00e9tait le premier partenaire commercial de l&rsquo;Iran.<\/li>\n<\/ul>\n\n\n\n<h2 class=\"wp-block-heading\">L&rsquo;Iran dans son environnement r\u00e9gional (1920-1940)<\/h2>\n\n\n\n<p class=\"wp-block-paragraph\">L&rsquo;importance strat\u00e9gique de l&rsquo;Iran en 1941 est indissociable des dynamiques de ses voisins :<\/p>\n\n\n\n<ol class=\"wp-block-list\">\n<li><strong>Le pivot p\u00e9trolier du Golfe :<\/strong> La raffinerie d&rsquo;Abadan, g\u00e9r\u00e9e par l&rsquo;Anglo-Iranian Oil Company (AIOC), est alors vitale pour la <em>Royal Navy<\/em>. Londres craint que l&rsquo;instabilit\u00e9 en Iran ne compromette son h\u00e9g\u00e9monie \u00e9nerg\u00e9tique face \u00e0 l&rsquo;\u00e9mergence des int\u00e9r\u00eats am\u00e9ricains en Arabie Saoudite.<\/li>\n\n\n\n<li><strong>Le front arabe et centrasiatique :<\/strong> Au Nord, l&rsquo;Asie Centrale est totalement int\u00e9gr\u00e9e \u00e0 l&rsquo;URSS. \u00c0 l&rsquo;Ouest, l&rsquo;\u00e9crasement du coup d&rsquo;\u00c9tat pro-Axe en Irak par les Britanniques (mai 1941) place l&rsquo;Iran dans une tenaille g\u00e9opolitique.<\/li>\n\n\n\n<li><strong>Le \u00ab Couloir Perse \u00bb :<\/strong> Apr\u00e8s l&rsquo;invasion de l&rsquo;URSS par Hitler (juin 1941), l&rsquo;Iran devient la voie de ravitaillement la plus s\u00fbre via le chemin de fer Transiranien.<\/li>\n<\/ol>\n\n\n\n<h2 class=\"wp-block-heading\">1941 : L\u2019ann\u00e9e de l\u2019effondrement<\/h2>\n\n\n\n<p class=\"wp-block-paragraph\">L&rsquo;attaque du 25 ao\u00fbt est coordonn\u00e9e. L&rsquo;arm\u00e9e de Reza Chah s&rsquo;effondre en trois jours. Le souverain est contraint \u00e0 l&rsquo;abdication au profit de son fils, Mohammad Reza Pahlavi. L&rsquo;occupation qui s&rsquo;ensuit provoque une inflation massive et des famines, marquant durablement la population. 1941 est l&rsquo;ann\u00e9e o\u00f9 la neutralit\u00e9 devient impossible, un th\u00e8me que nous explorons \u00e9galement \u00e0 travers le parcours de <a href=\"https:\/\/unpassetrespresent.com\/en\/commemorations-2026\/\">Marc Bloch<\/a>.<\/p>\n\n\n\n<h2 class=\"wp-block-heading\">Analyse de la m\u00e9moire : Un pass\u00e9 mis en sc\u00e8ne<\/h2>\n\n\n\n<p class=\"wp-block-paragraph\">L&rsquo;invasion de 1941 fait l&rsquo;objet d&rsquo;une analyse de la m\u00e9moire tr\u00e8s sp\u00e9cifique en Iran aujourd&rsquo;hui, oscillant entre discours politique et repr\u00e9sentations mus\u00e9ales.<\/p>\n\n\n\n<h3 class=\"wp-block-heading\">La lecture de l&rsquo;Ayatollah Khomeini<\/h3>\n\n\n\n<blockquote class=\"wp-block-quote is-layout-flow wp-block-quote-is-layout-flow\">\n<p class=\"wp-block-paragraph\">\u00ab Ils ont amen\u00e9 Reza Khan, puis quand il ne leur a plus servi, ils l&rsquo;ont emmen\u00e9 et ont install\u00e9 son fils. \u00bb<\/p>\n<\/blockquote>\n\n\n\n<p class=\"wp-block-paragraph\">Pour Khomeini, 1941 est la preuve de l&rsquo;ill\u00e9gitimit\u00e9 de la dynastie Pahlavi. Il pr\u00e9sentait le Chah comme un \u00ab monarque fantoche \u00bb install\u00e9 et d\u00e9pos\u00e9 par l&rsquo;\u00e9tranger. Cet effondrement rapide servait sa d\u00e9monstration : sans \u00ab\u00a0foi\u00a0\u00bb et sans soutien populaire, un r\u00e9gime la\u00efc est incapable de prot\u00e9ger la souverainet\u00e9 nationale.<\/p>\n\n\n\n<h3 class=\"wp-block-heading\">Le complexe de Sa&rsquo;dabad : Une p\u00e9dagogie de l&rsquo;humiliation<\/h3>\n\n\n\n<p class=\"wp-block-paragraph\">Au <strong>Palais Vert<\/strong> de T\u00e9h\u00e9ran, la mus\u00e9ographie actuelle transforme l&rsquo;ancienne r\u00e9sidence royale en un outil de r\u00e9flexion sur la d\u00e9possession. L&rsquo;accent est mis sur le d\u00e9part forc\u00e9 de Reza Chah en septembre 1941. Le visiteur est invit\u00e9 \u00e0 voir dans ce luxe pass\u00e9 le symbole d&rsquo;une ambition bris\u00e9e par ses propres alli\u00e9s de circonstance.<\/p>\n\n\n\n<hr class=\"wp-block-separator has-alpha-channel-opacity\" \/>\n\n\n\n<h3 class=\"wp-block-heading\">Sources et ressources pour approfondir :<\/h3>\n\n\n\n<ul class=\"wp-block-list\">\n<li><strong>Cairn.info :<\/strong> <a href=\"https:\/\/shs.cairn.info\/geopolitique-de-l-iran--9782200613440-page-15?lang=fr\" target=\"_blank\" rel=\"noreferrer noopener\">G\u00e9opolitique de l&rsquo;Iran<\/a> par Bernard Hourcade.<\/li>\n\n\n\n<li><strong>Wikip\u00e9dia :<\/strong> <a href=\"https:\/\/fr.wikipedia.org\/wiki\/Invasion_anglo-sovi%C3%A9tique_de_l%27Iran\" target=\"_blank\" rel=\"noreferrer noopener\">Invasion anglo-sovi\u00e9tique de l&rsquo;Iran<\/a> (Donn\u00e9es factuelles v\u00e9rifi\u00e9es).<\/li>\n\n\n\n<li><strong>UNESCO :<\/strong> Documentation sur le <a href=\"https:\/\/whc.unesco.org\/en\/tentativelists\/6201\/\" target=\"_blank\" rel=\"noreferrer noopener\">complexe de Sa&rsquo;dabad<\/a>.<\/li>\n\n\n\n<li><strong>Ervand Abrahamian :<\/strong> <em>Iran Between Two Revolutions<\/em> (\u00c9tude acad\u00e9mique sur la radicalisation politique post-1941).<\/li>\n<\/ul>\n\n\n\n<h3 class=\"wp-block-heading\">Liens internes recommand\u00e9s :<\/h3>\n\n\n\n<ul class=\"wp-block-list\">\n<li><a href=\"https:\/\/unpassetrespresent.com\/en\/commemorations-2026\/\">Comm\u00e9morations 2026 : Le cycle des bascules historiques<\/a><\/li>\n\n\n\n<li><a href=\"https:\/\/unpassetrespresent.com\/en\/lhistoire-begaie-telle\/\">R\u00e9flexion : L&rsquo;histoire b\u00e9gaie-t-elle ?<\/a><\/li>\n\n\n\n<li><a href=\"https:\/\/unpassetrespresent.com\/en\/thematique\/\">Nos th\u00e9matiques : M\u00e9moire et Soci\u00e9t\u00e9<\/a><\/li>\n<\/ul>\n\n\n\n<p class=\"wp-block-paragraph\"><\/p>","protected":false},"excerpt":{"rendered":"<p>L\u2019Iran en 1941 : Un carrefour d\u2019empires et de m\u00e9moires Alors que l&rsquo;Iran se trouve aujourd&rsquo;hui au c\u0153ur de tensions internationales exacerb\u00e9es et traverse une phase de contestation interne marqu\u00e9e par une r\u00e9pression sanglante &#8211; 30 000 morts selon plusieurs estimations, l\u2019analyse de son socle historique apporte une cl\u00e9 de lecture des enjeux de tensions &#8230; <a title=\"L\u2019Iran en 1941 : Invasion, Neutralit\u00e9 et M\u00e9moire\" class=\"read-more\" href=\"https:\/\/unpassetrespresent.com\/en\/liran-en-1941-invasion-neutralite-et-memoire\/\" aria-label=\"Read more about L\u2019Iran en 1941 : Invasion, Neutralit\u00e9 et M\u00e9moire\">Read more<\/a><\/p>","protected":false},"author":31877977,"featured_media":12354,"comment_status":"open","ping_status":"open","sticky":false,"template":"","format":"standard","meta":{"_wpcom_ai_launchpad_first_post":false,"footnotes":"","jetpack_publicize_message":"{title}\n\n{excerpt}\n\n{url}","jetpack_publicize_feature_enabled":true,"jetpack_social_post_already_shared":true,"jetpack_social_options":{"image_generator_settings":{"template":"highway","default_image_id":0,"font":"","enabled":false},"version":2},"_wpas_customize_per_network":false,"jetpack_post_was_ever_published":false},"categories":[701536491],"tags":[],"class_list":["post-12351","post","type-post","status-publish","format-standard","has-post-thumbnail","hentry","category-memoire-et-societe"],"jetpack_publicize_connections":[],"jetpack_likes_enabled":true,"jetpack_shortlink":"https:\/\/wp.me\/paCHR7-3dd","jetpack-related-posts":[{"id":11552,"url":"https:\/\/unpassetrespresent.com\/en\/commemorations-2026\/","url_meta":{"origin":12351,"position":0},"title":"Comm\u00e9morations 2026 : quelques aides m\u00e9moire.","author":"Martial Roche","date":"20 January 2026","format":false,"excerpt":"Comm\u00e9morations 2026 : Jalons pour une m\u00e9moire de l\u2019ombre et du droit \u00a0 \u00c0 l'approche des Comm\u00e9morations 2026, l\u2019histoire n\u2019appara\u00eet pas comme une ligne droite, mais comme un cycle de r\u00e9sonances n\u00e9cessaires. En ouvrant l\u2019almanach de cette ann\u00e9e charni\u00e8re, je ne cherche pas \u00e0 c\u00e9l\u00e9brer une mystique des chiffres, mais\u2026","rel":"","context":"In &quot;M\u00e9moire et soci\u00e9t\u00e9&quot;","block_context":{"text":"M\u00e9moire et soci\u00e9t\u00e9","link":"https:\/\/unpassetrespresent.com\/en\/category\/memoire-et-societe\/"},"img":{"alt_text":"photo-marc-bloch-resistant-historien","src":"https:\/\/i0.wp.com\/unpassetrespresent.com\/wp-content\/uploads\/2026\/01\/Marc-Bloch-en-uniforme.webp?resize=350%2C200&ssl=1","width":350,"height":200,"srcset":"https:\/\/i0.wp.com\/unpassetrespresent.com\/wp-content\/uploads\/2026\/01\/Marc-Bloch-en-uniforme.webp?resize=350%2C200&ssl=1 1x, https:\/\/i0.wp.com\/unpassetrespresent.com\/wp-content\/uploads\/2026\/01\/Marc-Bloch-en-uniforme.webp?resize=525%2C300&ssl=1 1.5x, https:\/\/i0.wp.com\/unpassetrespresent.com\/wp-content\/uploads\/2026\/01\/Marc-Bloch-en-uniforme.webp?resize=700%2C400&ssl=1 2x, https:\/\/i0.wp.com\/unpassetrespresent.com\/wp-content\/uploads\/2026\/01\/Marc-Bloch-en-uniforme.webp?resize=1050%2C600&ssl=1 3x"},"classes":[]},{"id":12236,"url":"https:\/\/unpassetrespresent.com\/en\/koufra-1941-analyse-victoire-serment\/","url_meta":{"origin":12351,"position":1},"title":"Koufra 1941 : Analyse d&rsquo;une victoire tactique et d&rsquo;un mythe","author":"Martial Roche","date":"31 January 2026","format":false,"excerpt":"Koufra 1941 : Analyse d\u2019une victoire tactique et d\u2019une construction m\u00e9morielle Ce 31 janvier 2026 marque le 85e anniversaire du d\u00e9clenchement de l\u2019offensive sur l\u2019oasis de Koufra. Si cet \u00e9v\u00e9nement occupe une place centrale dans la mystique de la France Libre, il convient d'en analyser les faits : la gen\u00e8se\u2026","rel":"","context":"In &quot;Histoire&quot;","block_context":{"text":"Histoire","link":"https:\/\/unpassetrespresent.com\/en\/category\/histoire\/"},"img":{"alt_text":"Les drapeaux fran\u00e7ais et britannique flottent sur le fort d'El Tag lors de la victoire de Koufra 1941.","src":"https:\/\/i0.wp.com\/unpassetrespresent.com\/wp-content\/uploads\/2026\/01\/couleursfort.webp?resize=350%2C200&ssl=1","width":350,"height":200},"classes":[]},{"id":2257,"url":"https:\/\/unpassetrespresent.com\/en\/chant-des-internes-saint-paul\/","url_meta":{"origin":12351,"position":2},"title":"\u00ab\u00a0CHANTONS LA LIB\u00c9RATION\u00a0\u00bb : le chant des intern\u00e9s de Saint Paul exhum\u00e9","author":"Martial Roche","date":"21 June 2020","format":false,"excerpt":"Pour la f\u00eate de la musique, c'est une chanson de chorale que je vous propose de partager.aLes 15 et 16 juin 2019, la commune de Saint Paul d'Eyjeaux, en Haute-Vienne, organisait une f\u00eate de la fraternit\u00e9. Un \u00e9v\u00e8nement qui tournait autour notamment de la m\u00e9moire du camp d'internement se tenant\u2026","rel":"","context":"In &quot;Limousin&quot;","block_context":{"text":"Limousin","link":"https:\/\/unpassetrespresent.com\/en\/category\/region\/"},"img":{"alt_text":"","src":"","width":0,"height":0},"classes":[]},{"id":192,"url":"https:\/\/unpassetrespresent.com\/en\/il-fallait-que-le-temps-passe\/","url_meta":{"origin":12351,"position":3},"title":"\u00ab\u00a0IL FALLAIT QUE LE TEMPS PASSE\u00a0\u00bb","author":"Martial Roche","date":"2 April 2019","format":false,"excerpt":"https:\/\/youtu.be\/HUDOs_IPrI4 Alexandre Bremaud a travaill\u00e9 sur les maquis du Commandant Eug\u00e8ne Pinte. On touche \u00e0 travers l'exemple d'Eug\u00e8ne Pinte un autre profil de r\u00e9sistant, celui du militaire de carri\u00e8re. Apr\u00e8s l'armistice de juin 1940, Eug\u00e8ne Pinte reste militaire d'active dans l'Arm\u00e9e d'Armistice de la zone sud, dite zone non-occup\u00e9e, o\u00f9\u2026","rel":"","context":"In &quot;Histoire&quot;","block_context":{"text":"Histoire","link":"https:\/\/unpassetrespresent.com\/en\/category\/histoire\/"},"img":{"alt_text":"","src":"https:\/\/i0.wp.com\/img.youtube.com\/vi\/HUDOs_IPrI4\/0.jpg?resize=350%2C200","width":350,"height":200},"classes":[]},{"id":995,"url":"https:\/\/unpassetrespresent.com\/en\/socialiste-pour-faire-barrage-aux-communistes\/","url_meta":{"origin":12351,"position":4},"title":"\u00ab\u00a0LE VOTE SOCIALISTE POUR FAIRE BARRAGE AUX COMMUNISTES\u00a0\u00bb","author":"Martial Roche","date":"3 September 2019","format":false,"excerpt":"https:\/\/youtu.be\/75GGMNmInLM Hier, M. Viroulaud, adjoint au maire de la ville de Limoges, m'a accord\u00e9 une interview dans une salle de travail du mus\u00e9e de la R\u00e9sistance en sa qualit\u00e9 d'adjoint en charge de la m\u00e9moire et des anciens combattants. M. Viroulaud milite dans la droite limougeaude depuis le milieu des\u2026","rel":"","context":"In &quot;Histoire&quot;","block_context":{"text":"Histoire","link":"https:\/\/unpassetrespresent.com\/en\/category\/histoire\/"},"img":{"alt_text":"","src":"https:\/\/i0.wp.com\/img.youtube.com\/vi\/75GGMNmInLM\/0.jpg?resize=350%2C200","width":350,"height":200},"classes":[]},{"id":276,"url":"https:\/\/unpassetrespresent.com\/en\/quelques-jours-sur-les-routes\/","url_meta":{"origin":12351,"position":5},"title":"Quelques jours sur les routes&#8230;","author":"Martial Roche","date":"18 June 2019","format":false,"excerpt":"Ces derniers temps m'ont vu parcourir un certain nombre de kilom\u00e8tres pour diff\u00e9rents projets en cours. La premi\u00e8re \u00e9tape m'a men\u00e9 \u00e0 l'Armada de Rouen pour le site portsetcorridors.com, site d\u00e9di\u00e9 \u00e0 la logistique portuaire et maritime sur lequel je travaille avec mon ami Herv\u00e9 Deiss. O\u00f9 je ne m'attendais\u2026","rel":"","context":"In &quot;Histoire&quot;","block_context":{"text":"Histoire","link":"https:\/\/unpassetrespresent.com\/en\/category\/histoire\/"},"img":{"alt_text":"","src":"https:\/\/i0.wp.com\/unpassetrespresent.com\/wp-content\/uploads\/2019\/06\/img_20190613_185552408599519800723127.webp?resize=350%2C200","width":350,"height":200,"srcset":"https:\/\/i0.wp.com\/unpassetrespresent.com\/wp-content\/uploads\/2019\/06\/img_20190613_185552408599519800723127.webp?resize=350%2C200 1x, https:\/\/i0.wp.com\/unpassetrespresent.com\/wp-content\/uploads\/2019\/06\/img_20190613_185552408599519800723127.webp?resize=525%2C300 1.5x, https:\/\/i0.wp.com\/unpassetrespresent.com\/wp-content\/uploads\/2019\/06\/img_20190613_185552408599519800723127.webp?resize=700%2C400 2x, https:\/\/i0.wp.com\/unpassetrespresent.com\/wp-content\/uploads\/2019\/06\/img_20190613_185552408599519800723127.webp?resize=1050%2C600 3x, https:\/\/i0.wp.com\/unpassetrespresent.com\/wp-content\/uploads\/2019\/06\/img_20190613_185552408599519800723127.webp?resize=1400%2C800 4x"},"classes":[]}],"jetpack_featured_media_url":"https:\/\/i0.wp.com\/unpassetrespresent.com\/wp-content\/uploads\/2026\/02\/soldat-russe-britannique-iran.webp?fit=500%2C347&ssl=1","_links":{"self":[{"href":"https:\/\/unpassetrespresent.com\/en\/wp-json\/wp\/v2\/posts\/12351","targetHints":{"allow":["GET"]}}],"collection":[{"href":"https:\/\/unpassetrespresent.com\/en\/wp-json\/wp\/v2\/posts"}],"about":[{"href":"https:\/\/unpassetrespresent.com\/en\/wp-json\/wp\/v2\/types\/post"}],"author":[{"embeddable":true,"href":"https:\/\/unpassetrespresent.com\/en\/wp-json\/wp\/v2\/users\/31877977"}],"replies":[{"embeddable":true,"href":"https:\/\/unpassetrespresent.com\/en\/wp-json\/wp\/v2\/comments?post=12351"}],"version-history":[{"count":6,"href":"https:\/\/unpassetrespresent.com\/en\/wp-json\/wp\/v2\/posts\/12351\/revisions"}],"predecessor-version":[{"id":12389,"href":"https:\/\/unpassetrespresent.com\/en\/wp-json\/wp\/v2\/posts\/12351\/revisions\/12389"}],"wp:featuredmedia":[{"embeddable":true,"href":"https:\/\/unpassetrespresent.com\/en\/wp-json\/wp\/v2\/media\/12354"}],"wp:attachment":[{"href":"https:\/\/unpassetrespresent.com\/en\/wp-json\/wp\/v2\/media?parent=12351"}],"wp:term":[{"taxonomy":"category","embeddable":true,"href":"https:\/\/unpassetrespresent.com\/en\/wp-json\/wp\/v2\/categories?post=12351"},{"taxonomy":"post_tag","embeddable":true,"href":"https:\/\/unpassetrespresent.com\/en\/wp-json\/wp\/v2\/tags?post=12351"}],"curies":[{"name":"wp","href":"https:\/\/api.w.org\/{rel}","templated":true}]}}