{"id":2026,"date":"2020-03-27T19:59:47","date_gmt":"2020-03-27T18:59:47","guid":{"rendered":"http:\/\/unpassetrespresent.com\/?p=2026"},"modified":"2020-06-08T20:46:26","modified_gmt":"2020-06-08T18:46:26","slug":"ils-ont-grandi-parmi-les-souvenirs","status":"publish","type":"post","link":"https:\/\/unpassetrespresent.com\/en\/ils-ont-grandi-parmi-les-souvenirs\/","title":{"rendered":"GRANDIR PARMI LES SOUVENIRS"},"content":{"rendered":"<p class=\"has-text-align-justify has-medium-font-size wp-block-paragraph\">Fille de Georges Guingouin et petit fr\u00e8re d&rsquo;un de ses lieutenants, ils ont grandi dans la confidence d&rsquo;une \u00e9poque dont on parlait peu.<br \/>Marc est le fr\u00e8re de \u00ab\u00a0Tino\u00a0\u00bb Montaudon. Son p\u00e8re et l&rsquo;un de ses fr\u00e8res ont pay\u00e9 de leur vie l&rsquo;aide apport\u00e9e aux maquis de Guingouin.<br \/>Mich\u00e8le est la fille ain\u00e9e de Lo Gran.<br \/>Ils ont grandi dans un cercle restreint de celles et ceux qui savaient ce qu&rsquo;avait \u00e9t\u00e9 le maquis. Et qui, au sortir de la guerre, ne pouvaient pas en parler.<\/p>\n\n\n\n<figure class=\"wp-block-embed-youtube wp-block-embed is-type-rich wp-embed-aspect-16-9 wp-has-aspect-ratio\"><div class=\"wp-block-embed__wrapper\">\n<iframe title=\"APR\u00c8S LA GUERRE, DES COMPTES \u00c0 R\u00c9GLER\" width=\"1200\" height=\"675\" src=\"https:\/\/www.youtube.com\/embed\/Al2h4oN13Ro?feature=oembed\" frameborder=\"0\" allow=\"accelerometer; autoplay; clipboard-write; encrypted-media; gyroscope; picture-in-picture; web-share\" referrerpolicy=\"strict-origin-when-cross-origin\" allowfullscreen><\/iframe>\n<\/div><\/figure>\n\n\n\n<div class=\"wp-block-group\"><div class=\"wp-block-group__inner-container is-layout-flow wp-block-group-is-layout-flow\">\n<div class=\"wp-block-group has-white-background-color has-background has-small-padding\"><div class=\"wp-block-group__inner-container is-layout-flow wp-block-group-is-layout-flow\">\n<div class=\"wp-block-columns is-layout-flex wp-container-core-columns-is-layout-8f761849 wp-block-columns-is-layout-flex\">\n<div class=\"wp-block-column is-vertically-aligned-center is-layout-flow wp-block-column-is-layout-flow\">\n<div class=\"wp-block-buttons is-content-justification-center is-layout-flex wp-container-core-buttons-is-layout-fe48e5de wp-block-buttons-is-layout-flex\">\n<div class=\"wp-block-button has-custom-width wp-block-button__width-50\"><a class=\"wp-block-button__link has-white-color has-vivid-red-background-color has-text-color has-background\" href=\"https:\/\/unpassetrespresent.com\/en\/2020\/02\/28\/le-nez-dans-le-guidon\/\" style=\"border-radius:7px\" target=\"_blank\" rel=\"noreferrer noopener\">2 minutes pour 3 questions ?<\/a><\/div>\n<\/div>\n<\/div>\n<\/div>\n\n\n\n<div class=\"wp-block-columns is-layout-flex wp-container-core-columns-is-layout-8f761849 wp-block-columns-is-layout-flex\">\n<div class=\"wp-block-column is-layout-flow wp-block-column-is-layout-flow\">\n<p class=\"has-text-align-left has-black-color has-light-blue-background-color has-text-color has-background wp-block-paragraph\" style=\"font-size:24px\"><em><strong>Pour soutenir le projet Un pass\u00e9 tr\u00e8s pr\u00e9sent, il y a plusieurs fa\u00e7ons que j&rsquo;ai d\u00e9taill\u00e9es <a href=\"https:\/\/unpassetrespresent.com\/en\/contribuez-au-projet\/\" target=\"_blank\" rel=\"noreferrer noopener\">ICI<\/a>.<\/strong><\/em><br \/><em>N&rsquo;oubliez pas de vous abonner et de fouiller dans le petit bloc ci-dessous pour mettre un petit <strong>\u00ab\u00a0J&rsquo;aime\u00a0\u00bb<\/strong> et un petit partage. <\/em><br \/><em><strong><span class=\"uppercase\">Merci !<\/span><\/strong><\/em><\/p>\n\n\n\n<div class=\"wp-block-group\"><div class=\"wp-block-group__inner-container is-layout-flow wp-block-group-is-layout-flow\">\n\n<\/div><\/div>\n<\/div>\n<\/div>\n<\/div><\/div>\n<\/div><\/div>","protected":false},"excerpt":{"rendered":"<p>Fille de Georges Guingouin et petit fr\u00e8re d&rsquo;un de ses lieutenants, ils ont grandi dans la confidence d&rsquo;une \u00e9poque dont on parlait peu.Marc est le fr\u00e8re de \u00ab\u00a0Tino\u00a0\u00bb Montaudon. Son p\u00e8re et l&rsquo;un de ses fr\u00e8res ont pay\u00e9 de leur vie l&rsquo;aide apport\u00e9e aux maquis de Guingouin.Mich\u00e8le est la fille ain\u00e9e de Lo Gran.Ils ont &#8230; <a title=\"GRANDIR PARMI LES SOUVENIRS\" class=\"read-more\" href=\"https:\/\/unpassetrespresent.com\/en\/ils-ont-grandi-parmi-les-souvenirs\/\" aria-label=\"Read more about GRANDIR PARMI LES SOUVENIRS\">Read more<\/a><\/p>","protected":false},"author":31877977,"featured_media":0,"comment_status":"open","ping_status":"open","sticky":false,"template":"","format":"standard","meta":{"_wpcom_ai_launchpad_first_post":false,"footnotes":"","jetpack_publicize_message":"{title}\n\n{excerpt}\n\n{url}","jetpack_publicize_feature_enabled":true,"jetpack_social_post_already_shared":false,"jetpack_social_options":{"image_generator_settings":{"template":"highway","default_image_id":0,"font":"","enabled":false},"version":2},"_wpas_customize_per_network":false,"jetpack_post_was_ever_published":false},"categories":[27785,8099,685626844,1001],"tags":[179880],"class_list":["post-2026","post","type-post","status-publish","format-standard","hentry","category-histoire","category-region","category-musees-lieux-de-memoire","category-politique","tag-memoire"],"jetpack_publicize_connections":[],"jetpack_likes_enabled":true,"jetpack_shortlink":"https:\/\/wp.me\/paCHR7-wG","jetpack-related-posts":[{"id":2827,"url":"https:\/\/unpassetrespresent.com\/en\/le-plus-jeune-resistant-de-france\/","url_meta":{"origin":2026,"position":0},"title":"\u00ab\u00a0LE PLUS JEUNE R\u00c9SISTANT DE FRANCE\u00a0\u00bb","author":"Martial Roche","date":"16 September 2020","format":false,"excerpt":"C'est une d\u00e9cision assez rare qui se trouve reprise dans bon nombre de journaux depuis son annonce dimanche. La commune d'Aixe-Sur-Vienne a d\u00e9cid\u00e9, le 11 novembre prochain, d'inscrire le nom de Marcel Pinte au monument aux morts de la commune. Un enfant de troupe du maquis Marcel Pinte est un\u2026","rel":"","context":"In &quot;Histoire&quot;","block_context":{"text":"Histoire","link":"https:\/\/unpassetrespresent.com\/en\/category\/histoire\/"},"img":{"alt_text":"","src":"https:\/\/i0.wp.com\/img.youtube.com\/vi\/HUDOs_IPrI4\/0.jpg?resize=350%2C200","width":350,"height":200},"classes":[]},{"id":2758,"url":"https:\/\/unpassetrespresent.com\/en\/sauver-le-soldat-ryan\/","url_meta":{"origin":2026,"position":1},"title":"FALLAIT-IL SAUVER LE SOLDAT RYAN ? 1\u00e8re partie.","author":"Martial Roche","date":"17 October 2020","format":false,"excerpt":"En 1998, Steven Spielberg et Tom Hanks d\u00e9barquent avec Il faut sauver le soldat Ryan. Retour sur un \u00e9v\u00e8nement.","rel":"","context":"In &quot;Pop culture&quot;","block_context":{"text":"Pop culture","link":"https:\/\/unpassetrespresent.com\/en\/category\/pop-culture\/"},"img":{"alt_text":"","src":"https:\/\/i0.wp.com\/unpassetrespresent.com\/wp-content\/uploads\/2020\/10\/f2bf70deecb74f9df8d01d7830d272f0.webp?resize=350%2C200&ssl=1","width":350,"height":200},"classes":[]},{"id":807,"url":"https:\/\/unpassetrespresent.com\/en\/cartables-et-crayons-retardateurs\/","url_meta":{"origin":2026,"position":2},"title":"CARTABLES ET CRAYONS (RETARDATEURS)&#8230;","author":"Martial Roche","date":"2 September 2019","format":false,"excerpt":"La guerre non-conventionnelle men\u00e9e par les Alli\u00e9s derri\u00e8re les lignes allemandes aupr\u00e8s des maquis. Expo temporaire au Mus\u00e9e de la R\u00e9sistance de Limoges.","rel":"","context":"In &quot;Histoire&quot;","block_context":{"text":"Histoire","link":"https:\/\/unpassetrespresent.com\/en\/category\/histoire\/"},"img":{"alt_text":"","src":"https:\/\/i0.wp.com\/unpassetrespresent.com\/wp-content\/uploads\/2019\/09\/4s4b4163.webp?fit=1200%2C800&ssl=1&resize=350%2C200","width":350,"height":200,"srcset":"https:\/\/i0.wp.com\/unpassetrespresent.com\/wp-content\/uploads\/2019\/09\/4s4b4163.webp?fit=1200%2C800&ssl=1&resize=350%2C200 1x, https:\/\/i0.wp.com\/unpassetrespresent.com\/wp-content\/uploads\/2019\/09\/4s4b4163.webp?fit=1200%2C800&ssl=1&resize=525%2C300 1.5x, https:\/\/i0.wp.com\/unpassetrespresent.com\/wp-content\/uploads\/2019\/09\/4s4b4163.webp?fit=1200%2C800&ssl=1&resize=700%2C400 2x, https:\/\/i0.wp.com\/unpassetrespresent.com\/wp-content\/uploads\/2019\/09\/4s4b4163.webp?fit=1200%2C800&ssl=1&resize=1050%2C600 3x"},"classes":[]},{"id":613,"url":"https:\/\/unpassetrespresent.com\/en\/culture-populaire-et-memoire-hors-serie-nota-bene-au-mont-gargan\/","url_meta":{"origin":2026,"position":3},"title":"CULTURE POPULAIRE ET M\u00c9MOIRE (HORS-S\u00c9RIE) : NOTA BENE AU MONT GARGAN","author":"Martial Roche","date":"27 August 2019","format":false,"excerpt":"J'avais annonc\u00e9 que le prochain passage par la culture populaire rendrait visite \u00e0 Mister Kit, mais Youtube est pass\u00e9 par l\u00e0. (NdlA : Oui, d'ailleurs, Mister Kit attend toujours...) Benjamin Brillaud, alias Nota Bene, est un des youtubers parlant d'Histoire avec le plus de succ\u00e8s sur la plateforme vid\u00e9os de\u2026","rel":"","context":"In &quot;Histoire&quot;","block_context":{"text":"Histoire","link":"https:\/\/unpassetrespresent.com\/en\/category\/histoire\/"},"img":{"alt_text":"","src":"https:\/\/i0.wp.com\/img.youtube.com\/vi\/g0M-QP8EK8g\/0.jpg?resize=350%2C200","width":350,"height":200},"classes":[]},{"id":354,"url":"https:\/\/unpassetrespresent.com\/en\/brand-new-cadillac\/","url_meta":{"origin":2026,"position":4},"title":"BRAND NEW CADILLAC","author":"Martial Roche","date":"14 July 2019","format":false,"excerpt":"Le 14 juillet 1944, les alli\u00e9s proc\u00e8dent \u00e0 l'op\u00e9ration Cadillac. Des centaines de \"forteresses volantes\" parachutent en masse armes et mat\u00e9riel sur les maquis du Limousin aux Alpes. Il semblerait que des aviateurs voulant marquer le coup de ce \"Bastille Day\" aient \u00e9quip\u00e9 des conteneurs de parachutes bleus, blancs et\u2026","rel":"","context":"In &quot;Histoire&quot;","block_context":{"text":"Histoire","link":"https:\/\/unpassetrespresent.com\/en\/category\/histoire\/"},"img":{"alt_text":"","src":"https:\/\/i0.wp.com\/museedelaresistanceenligne.org\/musee\/doc\/image\/recto\/grande\/7510.jpg?resize=350%2C200","width":350,"height":200,"srcset":"https:\/\/i0.wp.com\/museedelaresistanceenligne.org\/musee\/doc\/image\/recto\/grande\/7510.jpg?resize=350%2C200 1x, https:\/\/i0.wp.com\/museedelaresistanceenligne.org\/musee\/doc\/image\/recto\/grande\/7510.jpg?resize=525%2C300 1.5x, https:\/\/i0.wp.com\/museedelaresistanceenligne.org\/musee\/doc\/image\/recto\/grande\/7510.jpg?resize=700%2C400 2x"},"classes":[]},{"id":568,"url":"https:\/\/unpassetrespresent.com\/en\/le-prix-fort-de-la-liberation\/","url_meta":{"origin":2026,"position":5},"title":"LE PRIX FORT DE LA LIB\u00c9RATION","author":"Martial Roche","date":"26 August 2019","format":false,"excerpt":"Le marteau et l'enclume 2\/3 Brest, comme d'autres villes ne retrouve pas, apr\u00e8s-guerre, sa structure urbaine d'origine. Des villes ressurgissent de terre quasiment ex-nihilo. La p\u00e9riode de la lib\u00e9ration \u00e0 l'\u00e9t\u00e9 44 regroupe en fait des r\u00e9alit\u00e9s tr\u00e8s diverses. Deux lignes de fronts s'ouvrent sur le territoire fran\u00e7ais m\u00e9tropolitain, sur\u2026","rel":"","context":"In &quot;Histoire&quot;","block_context":{"text":"Histoire","link":"https:\/\/unpassetrespresent.com\/en\/category\/histoire\/"},"img":{"alt_text":"","src":"https:\/\/i0.wp.com\/unpassetrespresent.com\/wp-content\/uploads\/2019\/08\/capture-de28099ecc81cran-2019-08-18-acc80-11.25.18.webp?fit=509%2C623&ssl=1&resize=350%2C200","width":350,"height":200},"classes":[]}],"jetpack_featured_media_url":"","_links":{"self":[{"href":"https:\/\/unpassetrespresent.com\/en\/wp-json\/wp\/v2\/posts\/2026","targetHints":{"allow":["GET"]}}],"collection":[{"href":"https:\/\/unpassetrespresent.com\/en\/wp-json\/wp\/v2\/posts"}],"about":[{"href":"https:\/\/unpassetrespresent.com\/en\/wp-json\/wp\/v2\/types\/post"}],"author":[{"embeddable":true,"href":"https:\/\/unpassetrespresent.com\/en\/wp-json\/wp\/v2\/users\/31877977"}],"replies":[{"embeddable":true,"href":"https:\/\/unpassetrespresent.com\/en\/wp-json\/wp\/v2\/comments?post=2026"}],"version-history":[{"count":4,"href":"https:\/\/unpassetrespresent.com\/en\/wp-json\/wp\/v2\/posts\/2026\/revisions"}],"predecessor-version":[{"id":2221,"href":"https:\/\/unpassetrespresent.com\/en\/wp-json\/wp\/v2\/posts\/2026\/revisions\/2221"}],"wp:attachment":[{"href":"https:\/\/unpassetrespresent.com\/en\/wp-json\/wp\/v2\/media?parent=2026"}],"wp:term":[{"taxonomy":"category","embeddable":true,"href":"https:\/\/unpassetrespresent.com\/en\/wp-json\/wp\/v2\/categories?post=2026"},{"taxonomy":"post_tag","embeddable":true,"href":"https:\/\/unpassetrespresent.com\/en\/wp-json\/wp\/v2\/tags?post=2026"}],"curies":[{"name":"wp","href":"https:\/\/api.w.org\/{rel}","templated":true}]}}