{"id":2031,"date":"2020-03-30T19:32:00","date_gmt":"2020-03-30T17:32:00","guid":{"rendered":"http:\/\/unpassetrespresent.com\/?p=2031"},"modified":"2021-01-21T20:02:34","modified_gmt":"2021-01-21T19:02:34","slug":"la-difficile-histoire-de-la-resistance","status":"publish","type":"post","link":"https:\/\/unpassetrespresent.com\/en\/la-difficile-histoire-de-la-resistance\/","title":{"rendered":"PEUT-ON FAIRE L&rsquo;HISTOIRE DE LA R\u00c9SISTANCE ?"},"content":{"rendered":"<p class=\"has-text-align-justify has-medium-font-size wp-block-paragraph\">Je m&rsquo;\u00e9tais gard\u00e9 cette interview sous le coude, m\u00eame si j&rsquo;en avais d\u00e9j\u00e0 sorti un premier extrait il y a juste un an. Le confinement aidant, j&rsquo;ai plus de temps \u00e0 consacrer au montage.<\/p>\n\n\n\n<figure class=\"wp-block-embed is-type-video is-provider-youtube wp-block-embed-youtube wp-embed-aspect-16-9 wp-has-aspect-ratio\"><div class=\"wp-block-embed__wrapper\">\n<iframe title=\"PEUT-ON FAIRE L&#039;HISTOIRE DE LA R\u00c9SISTANCE ?\" width=\"1200\" height=\"675\" src=\"https:\/\/www.youtube.com\/embed\/3rq_hiY8vmk?feature=oembed\" frameborder=\"0\" allow=\"accelerometer; autoplay; clipboard-write; encrypted-media; gyroscope; picture-in-picture; web-share\" referrerpolicy=\"strict-origin-when-cross-origin\" allowfullscreen><\/iframe>\n<\/div><\/figure>\n\n\n\n<p class=\"has-text-align-justify has-black-color has-text-color has-medium-font-size wp-block-paragraph\">Laurent DOUZOU, je ne vous le pr\u00e9sente plus. J&rsquo;avais souhait\u00e9 l&rsquo;interviewer l&rsquo;an pass\u00e9 apr\u00e8s avoir d\u00e9couvert son travail, et en particulier ce livre dont j&rsquo;ai sans doute d\u00e9j\u00e0 parl\u00e9 : <a rel=\"noreferrer noopener\" href=\"http:\/\/www.seuil.com\/ouvrage\/la-resistance-francaise-une-histoire-perilleuse-laurent-douzou\/9782020541121\" target=\"_blank\">La R\u00e9sistance en France, une Histoire p\u00e9rilleuse.<\/a><\/p>\n\n\n\n<div class=\"wp-block-image\"><figure class=\"aligncenter size-large\"><img data-recalc-dims=\"1\" decoding=\"async\" src=\"https:\/\/i0.wp.com\/ref.lamartinieregroupe.com\/media\/9782020541121\/grande\/54112_couverture_Hres_0.jpg?w=1200\" alt=\"\"\/><\/figure><\/div>\n\n\n\n<p class=\"has-text-align-justify has-medium-font-size wp-block-paragraph\">Le rencontrer fut un plaisir, car Laurent Douzou est de ces hommes qui transpirent la passion pour leur sujet. Mais surtout, ce travail d&rsquo;interrogation sur la m\u00e9thode historique face \u00e0 un \u00e9v\u00e8nement comme le fut la R\u00e9sistance \u00e9tait une gymnastique intellectuelle stimulante. Car les premiers historiens qui se pench\u00e8rent sur ce sujet en furent les acteurs. On pourra compl\u00e9ter avec deux autres vid\u00e9os du projet : Dominique Danthieux d&rsquo;une part, sur l&rsquo;exemple limousin de cette difficult\u00e9 \u00e0 traiter le sujet en Histoire ; Mich\u00e8le Guingouin et Marc Montaudon, qui peuvent t\u00e9moigner de la difficult\u00e9 de ces t\u00e9moignages \u00e0 sortir au grand jour. <\/p>\n\n\n\n<figure class=\"wp-block-embed is-type-video is-provider-youtube wp-block-embed-youtube wp-embed-aspect-16-9 wp-has-aspect-ratio\"><div class=\"wp-block-embed__wrapper\">\n<iframe title=\"&quot;LA ROCHE TARP\u00c9IENNE TR\u00c8S PROCHE DU CAPITOLE&quot;\" width=\"1200\" height=\"675\" src=\"https:\/\/www.youtube.com\/embed\/zl1Jlg41J9U?feature=oembed\" frameborder=\"0\" allow=\"accelerometer; autoplay; clipboard-write; encrypted-media; gyroscope; picture-in-picture; web-share\" referrerpolicy=\"strict-origin-when-cross-origin\" allowfullscreen><\/iframe>\n<\/div><\/figure>\n\n\n\n<figure class=\"wp-block-embed is-type-video is-provider-youtube wp-block-embed-youtube wp-embed-aspect-16-9 wp-has-aspect-ratio\"><div class=\"wp-block-embed__wrapper\">\n<iframe title=\"APR\u00c8S LA GUERRE, DES COMPTES \u00c0 R\u00c9GLER\" width=\"1200\" height=\"675\" src=\"https:\/\/www.youtube.com\/embed\/Al2h4oN13Ro?feature=oembed\" frameborder=\"0\" allow=\"accelerometer; autoplay; clipboard-write; encrypted-media; gyroscope; picture-in-picture; web-share\" referrerpolicy=\"strict-origin-when-cross-origin\" allowfullscreen><\/iframe>\n<\/div><\/figure>\n\n\n\n<div class=\"wp-block-group\"><div class=\"wp-block-group__inner-container is-layout-flow wp-block-group-is-layout-flow\">\n<div class=\"wp-block-group has-white-background-color has-background has-small-padding\"><div class=\"wp-block-group__inner-container is-layout-flow wp-block-group-is-layout-flow\">\n<div class=\"wp-block-columns is-layout-flex wp-container-core-columns-is-layout-8f761849 wp-block-columns-is-layout-flex\">\n<div class=\"wp-block-column is-vertically-aligned-center is-layout-flow wp-block-column-is-layout-flow\">\n<div class=\"wp-block-buttons is-content-justification-center is-layout-flex wp-container-core-buttons-is-layout-fe48e5de wp-block-buttons-is-layout-flex\">\n<div class=\"wp-block-button has-custom-width wp-block-button__width-50\"><a class=\"wp-block-button__link has-white-color has-vivid-red-background-color has-text-color has-background\" href=\"https:\/\/unpassetrespresent.com\/en\/2020\/02\/28\/le-nez-dans-le-guidon\/\" style=\"border-radius:7px\" target=\"_blank\" rel=\"noreferrer noopener\">2 minutes pour 3 questions ?<\/a><\/div>\n<\/div>\n<\/div>\n<\/div>\n\n\n\n<div class=\"wp-block-columns is-layout-flex wp-container-core-columns-is-layout-8f761849 wp-block-columns-is-layout-flex\">\n<div class=\"wp-block-column is-layout-flow wp-block-column-is-layout-flow\">\n<p class=\"has-text-align-left has-black-color has-light-blue-background-color has-text-color has-background wp-block-paragraph\" style=\"font-size:24px\"><em><strong>Pour soutenir le projet Un pass\u00e9 tr\u00e8s pr\u00e9sent, il y a plusieurs fa\u00e7ons que j&rsquo;ai d\u00e9taill\u00e9es <a href=\"https:\/\/unpassetrespresent.com\/en\/contribuez-au-projet\/\" target=\"_blank\" rel=\"noreferrer noopener\">ICI<\/a>.<\/strong><\/em><br \/><em>N&rsquo;oubliez pas de vous abonner et de fouiller dans le petit bloc ci-dessous pour mettre un petit <strong>\u00ab\u00a0J&rsquo;aime\u00a0\u00bb<\/strong> et un petit partage. <\/em><br \/><em><strong><span class=\"uppercase\">Merci !<\/span><\/strong><\/em><\/p>\n\n\n\n<div class=\"wp-block-group\"><div class=\"wp-block-group__inner-container is-layout-flow wp-block-group-is-layout-flow\">\n\n<\/div><\/div>\n<\/div>\n<\/div>\n<\/div><\/div>\n<\/div><\/div>","protected":false},"excerpt":{"rendered":"<p>Je m&rsquo;\u00e9tais gard\u00e9 cette interview sous le coude, m\u00eame si j&rsquo;en avais d\u00e9j\u00e0 sorti un premier extrait il y a juste un an. Le confinement aidant, j&rsquo;ai plus de temps \u00e0 consacrer au montage. Laurent DOUZOU, je ne vous le pr\u00e9sente plus. J&rsquo;avais souhait\u00e9 l&rsquo;interviewer l&rsquo;an pass\u00e9 apr\u00e8s avoir d\u00e9couvert son travail, et en particulier &#8230; <a title=\"PEUT-ON FAIRE L&rsquo;HISTOIRE DE LA R\u00c9SISTANCE ?\" class=\"read-more\" href=\"https:\/\/unpassetrespresent.com\/en\/la-difficile-histoire-de-la-resistance\/\" aria-label=\"Read more about PEUT-ON FAIRE L&rsquo;HISTOIRE DE LA R\u00c9SISTANCE ?\">Read more<\/a><\/p>","protected":false},"author":31877977,"featured_media":0,"comment_status":"open","ping_status":"open","sticky":false,"template":"","format":"standard","meta":{"_wpcom_ai_launchpad_first_post":false,"footnotes":"","jetpack_publicize_message":"{title}\n\n{excerpt}\n\n{url}","jetpack_publicize_feature_enabled":true,"jetpack_social_post_already_shared":false,"jetpack_social_options":{"image_generator_settings":{"template":"highway","default_image_id":0,"font":"","enabled":false},"version":2},"_wpas_customize_per_network":false,"jetpack_post_was_ever_published":false},"categories":[27785],"tags":[],"class_list":["post-2031","post","type-post","status-publish","format-standard","hentry","category-histoire"],"jetpack_publicize_connections":[],"jetpack_likes_enabled":true,"jetpack_shortlink":"https:\/\/wp.me\/paCHR7-wL","jetpack-related-posts":[{"id":122,"url":"https:\/\/unpassetrespresent.com\/en\/10-ans-que-cela-passe-vite-10-ans\/","url_meta":{"origin":2031,"position":0},"title":"10 ANS, QUE CELA PASSE VITE 10 ANS&#8230;","author":"Martial Roche","date":"1 March 2019","format":false,"excerpt":"Ce mois-ci, ce tag aura 10 ans, comme l'affaire de Tarnac qui les a f\u00eat\u00e9 en novembre. Le temps passe...Pour cette feuille d'information non p\u00e9riodique, j'annonce une interview de Michel Patinaud sur ce tag dans les jours \u00e0 venir ainsi qu'une interview d'Alexandre Bremaud sur son arri\u00e8re grand p\u00e8re, le\u2026","rel":"","context":"In &quot;M\u00e9moire et soci\u00e9t\u00e9&quot;","block_context":{"text":"M\u00e9moire et soci\u00e9t\u00e9","link":"https:\/\/unpassetrespresent.com\/en\/category\/memoire-et-societe\/"},"img":{"alt_text":"Au printemps 2009, au cours de l'affaire de Tarnac, sur un hangar de la gare d'Eymoutiers, un tag fait le parall\u00e8le entre Julien Coupat, principale figure du groupe d'inculp\u00e9s de l'affaire, et Georges Guingouin. Il se trouve que c'est dans ces lieux que Guingouin a men\u00e9 sa premi\u00e8re op\u00e9ration de sabotage d'envergure en dynamitant une botteleuse destin\u00e9e \u00e0 la r\u00e9quisition du foin.","src":"https:\/\/i0.wp.com\/unpassetrespresent.com\/wp-content\/uploads\/2019\/03\/tag-eymoutiers-10-ans-grande.webp?resize=350%2C200&ssl=1","width":350,"height":200,"srcset":"https:\/\/i0.wp.com\/unpassetrespresent.com\/wp-content\/uploads\/2019\/03\/tag-eymoutiers-10-ans-grande.webp?resize=350%2C200&ssl=1 1x, https:\/\/i0.wp.com\/unpassetrespresent.com\/wp-content\/uploads\/2019\/03\/tag-eymoutiers-10-ans-grande.webp?resize=525%2C300&ssl=1 1.5x, https:\/\/i0.wp.com\/unpassetrespresent.com\/wp-content\/uploads\/2019\/03\/tag-eymoutiers-10-ans-grande.webp?resize=700%2C400&ssl=1 2x, https:\/\/i0.wp.com\/unpassetrespresent.com\/wp-content\/uploads\/2019\/03\/tag-eymoutiers-10-ans-grande.webp?resize=1050%2C600&ssl=1 3x"},"classes":[]},{"id":185,"url":"https:\/\/unpassetrespresent.com\/en\/garder-le-contact\/","url_meta":{"origin":2031,"position":1},"title":"GARDER LE CONTACT","author":"Martial Roche","date":"2 April 2019","format":false,"excerpt":"Apr\u00e8s une demie-ann\u00e9e 2018 consacr\u00e9e aux t\u00e9moins locaux, le d\u00e9but d'ann\u00e9e 2019 dans le projet a \u00e9t\u00e9 tourn\u00e9 vers les chercheurs et la prise de distance. Moi qui enseigne le reportage vid\u00e9o en \u00e9cole de journalisme, j'applique \u00e0 mon projet des pr\u00e9ceptes que je rab\u00e2che \u00e0 mes \u00e9tudiants \u00e0 longueur\u2026","rel":"","context":"In &quot;Histoire&quot;","block_context":{"text":"Histoire","link":"https:\/\/unpassetrespresent.com\/en\/category\/histoire\/"},"img":{"alt_text":"","src":"https:\/\/i0.wp.com\/unpassetrespresent.com\/wp-content\/uploads\/2019\/04\/affiche-7-avril-2019-2-1.webp?resize=350%2C200&ssl=1","width":350,"height":200},"classes":[]},{"id":12200,"url":"https:\/\/unpassetrespresent.com\/en\/rafle-du-26-aout-1942-saint-yrieix\/","url_meta":{"origin":2031,"position":2},"title":"La rafle du 26 ao\u00fbt 1942 \u00e0 Saint-Yrieix-la-Perche : une conf\u00e9rence de Fanny Dupuy","author":"Martial Roche","date":"30 January 2026","format":false,"excerpt":"La rafle du 26 ao\u00fbt 1942 \u00e0 Saint-Yrieix-la-Perche : une conf\u00e9rence de Fanny Dupuy \u00c0 l'occasion de la journ\u00e9e de comm\u00e9moration des victimes de l'Holocauste le 27 janvier, le Mus\u00e9e d'art et d'histoire de Saint-Yrieix-la-Perche a choisi d\u2019inviter l'historienne Fanny Dupuy. Je vous propose aujourd'hui de d\u00e9couvrir son travail \u00e0\u2026","rel":"","context":"In &quot;M\u00e9moire et soci\u00e9t\u00e9&quot;","block_context":{"text":"M\u00e9moire et soci\u00e9t\u00e9","link":"https:\/\/unpassetrespresent.com\/en\/category\/memoire-et-societe\/"},"img":{"alt_text":"Logo du site Les R\u00e9fugi\u00e9s Juifs 87 repr\u00e9sentant un arbre aux racines profondes.","src":"https:\/\/i0.wp.com\/unpassetrespresent.com\/wp-content\/uploads\/2026\/01\/Refugies-juifs-en-limousin.webp?resize=350%2C200&ssl=1","width":350,"height":200},"classes":[]},{"id":1459,"url":"https:\/\/unpassetrespresent.com\/en\/histony-peut-on-faire-du-documentaire-historique-de-qualite\/","url_meta":{"origin":2031,"position":3},"title":"HISTONY : \u00ab\u00a0PEUT-ON FAIRE DU DOCUMENTAIRE HISTORIQUE DE QUALIT\u00c9 ?\u00a0\u00bb","author":"Martial Roche","date":"2 December 2019","format":false,"excerpt":"Je n'avais pas pr\u00e9vu d'\u00e9crire aujourd'hui. Mais Histony, docteur en Histoire, internaute et Youtubeur dont je vous ai d\u00e9j\u00e0 parl\u00e9 (voir sa chaine) a publi\u00e9 un article, suite de plusieurs de ses r\u00e9flexions sur les usages de l'Histoire et notamment sa m\u00e9diatisation que je ne pouvais pas contourner. Sur son\u2026","rel":"","context":"In &quot;Histoire&quot;","block_context":{"text":"Histoire","link":"https:\/\/unpassetrespresent.com\/en\/category\/histoire\/"},"img":{"alt_text":"","src":"https:\/\/i0.wp.com\/unpassetrespresent.com\/wp-content\/uploads\/2019\/12\/capture-de28099ecc81cran-2019-12-02-acc80-16.52.43.webp?resize=350%2C200&ssl=1","width":350,"height":200,"srcset":"https:\/\/i0.wp.com\/unpassetrespresent.com\/wp-content\/uploads\/2019\/12\/capture-de28099ecc81cran-2019-12-02-acc80-16.52.43.webp?resize=350%2C200&ssl=1 1x, https:\/\/i0.wp.com\/unpassetrespresent.com\/wp-content\/uploads\/2019\/12\/capture-de28099ecc81cran-2019-12-02-acc80-16.52.43.webp?resize=525%2C300&ssl=1 1.5x, https:\/\/i0.wp.com\/unpassetrespresent.com\/wp-content\/uploads\/2019\/12\/capture-de28099ecc81cran-2019-12-02-acc80-16.52.43.webp?resize=700%2C400&ssl=1 2x, https:\/\/i0.wp.com\/unpassetrespresent.com\/wp-content\/uploads\/2019\/12\/capture-de28099ecc81cran-2019-12-02-acc80-16.52.43.webp?resize=1050%2C600&ssl=1 3x, https:\/\/i0.wp.com\/unpassetrespresent.com\/wp-content\/uploads\/2019\/12\/capture-de28099ecc81cran-2019-12-02-acc80-16.52.43.webp?resize=1400%2C800&ssl=1 4x"},"classes":[]},{"id":804,"url":"https:\/\/unpassetrespresent.com\/en\/septembre-en-attendant-la-suite\/","url_meta":{"origin":2031,"position":4},"title":"SEPTEMBRE EN ATTENDANT LA SUITE&#8230;","author":"Martial Roche","date":"1 September 2019","format":false,"excerpt":"Aujourd'hui premier septembre. Les \u00e9coliers font le deuil de leurs vacances et vont se replonger, entre autre, dans le programme d'Histoire. Pour les coll\u00e9giens de 3e et leurs a\u00een\u00e9s bacheliers, la mont\u00e9e du fascisme, du nazisme et du stalinisme et la IIe guerre mondiale, ainsi que Primo Levi, pour les\u2026","rel":"","context":"In &quot;Courrier des lecteurs&quot;","block_context":{"text":"Courrier des lecteurs","link":"https:\/\/unpassetrespresent.com\/en\/category\/courrier-des-lecteurs\/"},"img":{"alt_text":"","src":"","width":0,"height":0},"classes":[]},{"id":3544,"url":"https:\/\/unpassetrespresent.com\/en\/une-odyssee-memorielle\/","url_meta":{"origin":2031,"position":5},"title":"UNE ODYSS\u00c9E M\u00c9MORIELLE","author":"Martial Roche","date":"24 January 2021","format":false,"excerpt":"\u00c0 voir en ce moment, depuis sa diffusion par Arte \u00e0 la mi-janvier, le documentaire sur le film Das Boot, de Wolfgang Petersen, sorti il y a 30 ans. C'est l'histoire d'un film, de sa gen\u00e8se \u00e0 sa pr\u00e9sentation au public, par ceux, acteurs et techniciens, qui l'ont fait. Plus\u2026","rel":"","context":"In &quot;Pop culture&quot;","block_context":{"text":"Pop culture","link":"https:\/\/unpassetrespresent.com\/en\/category\/pop-culture\/"},"img":{"alt_text":"","src":"https:\/\/i0.wp.com\/img.youtube.com\/vi\/DRtTmFbcMLY\/0.jpg?resize=350%2C200","width":350,"height":200},"classes":[]}],"jetpack_featured_media_url":"","_links":{"self":[{"href":"https:\/\/unpassetrespresent.com\/en\/wp-json\/wp\/v2\/posts\/2031","targetHints":{"allow":["GET"]}}],"collection":[{"href":"https:\/\/unpassetrespresent.com\/en\/wp-json\/wp\/v2\/posts"}],"about":[{"href":"https:\/\/unpassetrespresent.com\/en\/wp-json\/wp\/v2\/types\/post"}],"author":[{"embeddable":true,"href":"https:\/\/unpassetrespresent.com\/en\/wp-json\/wp\/v2\/users\/31877977"}],"replies":[{"embeddable":true,"href":"https:\/\/unpassetrespresent.com\/en\/wp-json\/wp\/v2\/comments?post=2031"}],"version-history":[{"count":5,"href":"https:\/\/unpassetrespresent.com\/en\/wp-json\/wp\/v2\/posts\/2031\/revisions"}],"predecessor-version":[{"id":3538,"href":"https:\/\/unpassetrespresent.com\/en\/wp-json\/wp\/v2\/posts\/2031\/revisions\/3538"}],"wp:attachment":[{"href":"https:\/\/unpassetrespresent.com\/en\/wp-json\/wp\/v2\/media?parent=2031"}],"wp:term":[{"taxonomy":"category","embeddable":true,"href":"https:\/\/unpassetrespresent.com\/en\/wp-json\/wp\/v2\/categories?post=2031"},{"taxonomy":"post_tag","embeddable":true,"href":"https:\/\/unpassetrespresent.com\/en\/wp-json\/wp\/v2\/tags?post=2031"}],"curies":[{"name":"wp","href":"https:\/\/api.w.org\/{rel}","templated":true}]}}