{"id":11203,"date":"2025-11-12T22:35:40","date_gmt":"2025-11-12T21:35:40","guid":{"rendered":"https:\/\/unpassetrespresent.com\/?p=11203"},"modified":"2025-11-12T22:35:40","modified_gmt":"2025-11-12T21:35:40","slug":"commemorations-du-13-novembre-2015-figures-memoire-fractures","status":"publish","type":"post","link":"https:\/\/unpassetrespresent.com\/fr_fr\/commemorations-du-13-novembre-2015-figures-memoire-fractures\/","title":{"rendered":"COMM\u00c9MORATIONS DU 13 NOVEMBRE &#8211; 10 ANS APR\u00c8S : QUELLES FIGURES POUR QUELLE M\u00c9MOIRE ?"},"content":{"rendered":"<div id=\"model-response-message-contentr_d7b6fd112291b56e\" class=\"markdown markdown-main-panel stronger enable-updated-hr-color\" dir=\"ltr\" aria-live=\"polite\" aria-busy=\"false\">\n<p>Cela ne vous aura sans doute pas \u00e9chapp\u00e9 : cette semaine, la France sera marqu\u00e9e par des jours de m\u00e9moire. En plus de l&rsquo;hommage historique du 11 novembre, cette ann\u00e9e auront lieu pour les 10 ans, les <strong>c<\/strong><b>omm\u00e9morations du 13 Novembre 2015<\/b>. Un moment qui, dix ans apr\u00e8s, exige bien plus qu&rsquo;un simple recueillement. <a href=\"https:\/\/unpassetrespresent.com\/commemorer\/\">Le recul venant, il m&rsquo;est (un peu) plus facile de travailler le sujet.<\/a><\/p>\n<figure style=\"width: 1318px\" class=\"wp-caption alignnone\"><img data-recalc-dims=\"1\" fetchpriority=\"high\" decoding=\"async\" class=\"size-full\" src=\"https:\/\/i0.wp.com\/img.lemde.fr\/2020\/12\/14\/0\/0\/6000\/3376\/1328\/0\/75\/0\/9f18de2_667921297-lrem.jpg?resize=1200%2C675&#038;ssl=1\" alt=\"R\u00e9alis\u00e9e apr\u00e8s les attentats par l'artiste californien Obey, la fresque de Marianne sur une fa\u00e7ade du 13e arrondissement de Paris a \u00e9t\u00e9 d\u00e9tourn\u00e9e par des graffeurs anonymes en 2020, faisant pleurer Marianne sur les renoncements de la R\u00e9publique \u00e0 ses valeurs alors que se discutait la loi dite de s\u00e9curit\u00e9 globale.Ce d\u00e9tournement r\u00e9sonnait particuli\u00e8rement fort \u00e0 l'approche des comm\u00e9morations du 13 novembre, une p\u00e9riode o\u00f9 la Nation se recueille sur les valeurs de libert\u00e9 et de solidarit\u00e9 attaqu\u00e9es. L'artiste a depuis restaur\u00e9 l'\u0153uvre en int\u00e9grant une larme. Oui, bel et bien, Marianne pleure.\" width=\"1200\" height=\"675\" \/><figcaption class=\"wp-caption-text\">R\u00e9alis\u00e9e apr\u00e8s les attentats par l&rsquo;artiste californien Obey, la fresque de Marianne sur une fa\u00e7ade du 13e arrondissement de Paris a \u00e9t\u00e9 d\u00e9tourn\u00e9e par des graffeurs anonymes en 2020, faisant pleurer Marianne sur les renoncements de la R\u00e9publique \u00e0 ses valeurs alors que se discutait la loi dite de s\u00e9curit\u00e9 globale. Ce d\u00e9tournement r\u00e9sonnait particuli\u00e8rement fort \u00e0 proximit\u00e9 des comm\u00e9morations du 13 novembre, une p\u00e9riode o\u00f9 la Nation se recueille sur les valeurs de libert\u00e9 et de solidarit\u00e9 attaqu\u00e9es. L&rsquo;artiste a depuis restaur\u00e9 l&rsquo;\u0153uvre en int\u00e9grant une larme. Oui, bel et bien, Marianne pleure.<\/figcaption><\/figure>\n<p>&nbsp;<\/p>\n<p>Le 10e anniversaire des attentats de novembre 2015 donne lieu \u00e0 un ensemble d&rsquo;\u00e9v\u00e9nements officiels, culturels, et citoyens, de l&rsquo;hommage solennel aux victimes (Stade de France, terrasses, Bataclan, Jardin m\u00e9moriel) \u00e0 la \u00ab Course de la Fraternit\u00e9 \u00bb. Dix ans plus tard, ces comm\u00e9morations ne sont pas un simple exercice de souvenir, mais l&rsquo;occasion d&rsquo;une <b>r\u00e9flexion profonde<\/b> sur les figures et les r\u00e9cits que la Nation choisit de mettre en lumi\u00e8re. C&rsquo;est dans cette s\u00e9lection que r\u00e9sident les ambivalences d&rsquo;une m\u00e9moire en construction.<\/p>\n<hr \/>\n<p>&nbsp;<\/p>\n<h3>La figure ambivalente des forces de l&rsquo;ordre<\/h3>\n<p>Ces comm\u00e9morations sont traditionnellement l&rsquo;occasion de saluer le <b>courage<\/b> et l&rsquo;<b>engagement<\/b> des forces de l&rsquo;ordre, premiers intervenants face \u00e0 l&rsquo;horreur. Leurs actions au Bataclan (assaut de la BRI et du RAID) ou au Stade de France, ainsi que leur pr\u00e9sence apr\u00e8s les fusillades, sont centrales dans le r\u00e9cit de la <b>riposte r\u00e9publicaine<\/b> et de la <b>fraternit\u00e9<\/b> nationale.<\/p>\n<p>Pourtant, cette figure du <b>policier-h\u00e9ros<\/b> est confront\u00e9e \u00e0 une actualit\u00e9 sociale tendue. Les ann\u00e9es \u00e9coul\u00e9es depuis 2015 ont \u00e9t\u00e9 marqu\u00e9es par des d\u00e9bats virulents et des accusations de <b>violences polici\u00e8res<\/b> dans d&rsquo;autres contextes, notamment dans les quartiers populaires. Le calendrier renforce cette tension : la comm\u00e9moration du 13-Novembre co\u00efncide presque avec celle des <b>\u00e9meutes des banlieues de l&rsquo;automne 2005<\/b>, un \u00e9v\u00e9nement o\u00f9 l&rsquo;image de la police a \u00e9t\u00e9 fortement \u00e9branl\u00e9e et o\u00f9 la ranc\u0153ur envers les repr\u00e9sentants de l&rsquo;\u00c9tat \u00e9tait au c\u0153ur du mouvement.<\/p>\n<p>Les premiers intervenants au cours du massacre au Bataclan sont des hommes de la BAC, brigade anti-criminalit\u00e9, unit\u00e9 qui n&rsquo;a par ailleurs pas toujours bonne presse aupr\u00e8s d&rsquo;une partie de la population, v\u00e9hiculant une image d&rsquo;unit\u00e9s hors de contr\u00f4le et flirtant r\u00e9guli\u00e8rement avec l&rsquo;ill\u00e9galit\u00e9. <a href=\"https:\/\/www.lemonde.fr\/societe\/article\/2012\/10\/12\/les-bac-une-police-d-exception_1774511_3224.html\" target=\"_blank\" rel=\"noopener\">En 2012, le journal Le Monde la qualifiait de \u00ab\u00a0Police d&rsquo;exception\u00a0\u00bb<\/a> comme le terme \u00ab\u00a0justice d&rsquo;exception\u00a0\u00bb qualifie g\u00e9n\u00e9ralement une d\u00e9rogation au droit, voire aux droits de l&rsquo;homme.<\/p>\n<p>Tout r\u00e9cemment, des images vid\u00e9os ont circul\u00e9 montrant un comportement manifestement probl\u00e9matique lors des op\u00e9rations autour du chantier de m\u00e9ga-bassine \u00e0 Sainte Soline. Elles s&rsquo;ajoutent \u00e0 nombre de r\u00e9v\u00e9lations sur des recours \u00e0 la force dont la l\u00e9gitimit\u00e9 et la proportionnalit\u00e9 peuvent largement se discuter au cours des divers mouvements sociaux de ces derni\u00e8res ann\u00e9es.<\/p>\n<p><iframe title=\"La manifestation de Sainte-Soline vue par les gendarmes (vid\u00e9o compl\u00e8te)\" width=\"1200\" height=\"675\" src=\"https:\/\/www.youtube.com\/embed\/TT8j4a10aKE?feature=oembed\" frameborder=\"0\" allow=\"accelerometer; autoplay; clipboard-write; encrypted-media; gyroscope; picture-in-picture; web-share\" referrerpolicy=\"strict-origin-when-cross-origin\" allowfullscreen><\/iframe><\/p>\n<p>&nbsp;<\/p>\n<p>Dans ce contexte, comm\u00e9morer la police, c&rsquo;est naviguer entre deux r\u00e9cits :<\/p>\n<ul>\n<li>Le r\u00e9cit quasi <b>unanime<\/b> de la bravoure face au terrorisme, qui fait l&rsquo;objet d&rsquo;un consensus national.<\/li>\n<li>Le r\u00e9cit <b>cliv\u00e9<\/b> des relations entre l&rsquo;\u00c9tat et une partie de sa population, marqu\u00e9 par la violence et le rejet de l&rsquo;autorit\u00e9.<\/li>\n<\/ul>\n<p>Le d\u00e9fi de la m\u00e9moire est alors d&rsquo;honorer le sacrifice et le d\u00e9vouement sans masquer les fractures sociales.<\/p>\n<hr \/>\n<p>&nbsp;<\/p>\n<h3>De \u00ab\u00a0victime\u00a0\u00bb \u00e0 \u00ab\u00a0acteur\u00a0\u00bb : la r\u00e9silience au centre du r\u00e9cit<\/h3>\n<figure style=\"width: 850px\" class=\"wp-caption alignnone\"><img data-recalc-dims=\"1\" decoding=\"async\" class=\"size-full\" src=\"https:\/\/i0.wp.com\/www.radiofrance.fr\/s3\/cruiser-production\/2021\/09\/95d5f1c1-f328-424f-b3ad-d883c2cc6e92\/860_proces_13_novembre_-_10.08_rappel_des_faits_par_le_president.webp?resize=860%2C542&#038;ssl=1\" alt=\"Lecture du rapport sur les attentats du 13 novembre 2015  \u00e9crit sur la base du dossier d'instruction par Jean-Louis Peri\u00e8s, pr\u00e9sident de la cour d'assises sp\u00e9ciale, lors de l'audience du 10 septembre 2021. \u00a9 Radio France - Valentin Pasquier\" width=\"860\" height=\"542\" \/><figcaption class=\"wp-caption-text\">Lecture du rapport sur les attentats du 13 novembre 2015 \u00e9crit sur la base du dossier d&rsquo;instruction par Jean-Louis Peri\u00e8s, pr\u00e9sident de la cour d&rsquo;assises sp\u00e9ciale, lors de l&rsquo;audience du 10 septembre 2021. \u00a9 Radio France &#8211; Valentin Pasquier<\/figcaption><\/figure>\n<p>&nbsp;<\/p>\n<p>Au lendemain des attentats, la figure de la <b>victime<\/b> \u00e9tait d&rsquo;abord celle de la personne dans l&rsquo;attente de r\u00e9paration et de justice, souvent rel\u00e9gu\u00e9e \u00e0 un statut passif. Cependant, le processus comm\u00e9moratif et surtout le <b>proc\u00e8s V13<\/b> ont transform\u00e9 cette perception.<\/p>\n<ul>\n<li><b>L&rsquo;affirmation au proc\u00e8s V13 :<\/b> Pendant pr\u00e8s de cinq semaines d&rsquo;audiences, les rescap\u00e9s, les familles et les proches ont livr\u00e9 des <b>t\u00e9moignages poignants et d\u00e9taill\u00e9s<\/b>. Ils ne se sont pas content\u00e9s d&rsquo;\u00eatre des plaignants : ils ont \u00e9t\u00e9 les <b>acteurs<\/b> du proc\u00e8s, les gardiens de la v\u00e9rit\u00e9 factuelle et \u00e9motionnelle. Le proc\u00e8s a \u00e9t\u00e9 salu\u00e9 comme un \u00ab moment de v\u00e9rit\u00e9 historique \u00bb offrant une tribune pour que leur souffrance et leur <b>r\u00e9silience<\/b> puissent s&rsquo;exprimer pleinement.<\/li>\n<li><b>L&rsquo;action post-traumatique :<\/b> Aujourd&rsquo;hui, on les retrouve non plus seulement comme \u00ab\u00a0victimes\u00a0\u00bb mais comme de v\u00e9ritables <b>acteurs de la m\u00e9moire et de la reconstruction<\/b>. Leurs parcours de r\u00e9silience sont au c\u0153ur de la programmation m\u00e9diatique, des initiatives sportives (Marche et course de la fraternit\u00e9) et des \u0153uvres culturelles (Spectacle <i>Les Consolantes<\/i>). L&rsquo;existence m\u00eame d&rsquo;associations de victimes (comme 13Onze15 ou Life for Paris) et la mise en place du <b>Programme 13-Novembre<\/b> (collecte de milliers de t\u00e9moignages film\u00e9s) t\u00e9moignent d&rsquo;une prise d&rsquo;acteur sur l&rsquo;histoire.<\/li>\n<li><b>La reconnaissance :<\/b> Le MMT (Mus\u00e9e-M\u00e9morial du Terrorisme), avec son accent sur l&rsquo;hommage, la documentation des t\u00e9moignages et la transmission, ainsi que la cr\u00e9ation de la M\u00e9daille nationale de reconnaissance aux victimes du terrorisme, confirment que la <b>m\u00e9moire intime<\/b> des victimes est d\u00e9sormais \u00e9rig\u00e9e en <b>m\u00e9moire collective<\/b> de la Nation. La victime n&rsquo;est plus seulement celle qui subit, mais celle qui <b>t\u00e9moigne, lutte et transmet<\/b>.<\/li>\n<\/ul>\n<hr \/>\n<p>&nbsp;<\/p>\n<h3>La face cach\u00e9e de la r\u00e9silience : fissures et questions d\u00e9mocratiques<\/h3>\n<p><span class=\"citation-16\">Il serait tentant, m\u00eame si vrai par ailleurs, de ne retenir de ce 10e anniversaire que les images <\/span><b><span class=\"citation-16\">rassurantes<\/span><\/b><span class=\"citation-16\"> de la r\u00e9silience des victimes et d&rsquo;une d\u00e9mocratie en capacit\u00e9 de juger les criminels dans le respect de leurs droits lors du <\/span><b><span class=\"citation-16\">proc\u00e8s V13<\/span><\/b>. C&rsquo;est l&rsquo;honneur des soci\u00e9t\u00e9s d\u00e9mocratiques de garantir les droits des accus\u00e9s, m\u00eame ceux qui ont ni\u00e9 les leurs \u00e0 leurs victimes.<\/p>\n<p>Toutefois, ces comm\u00e9morations doivent \u00eatre aussi l&rsquo;occasion de se souvenir des <b>failles<\/b> profondes que ces attaques ont r\u00e9v\u00e9l\u00e9es et creus\u00e9es :<\/p>\n<ul>\n<li><b><span class=\"citation-15\">La question de l&rsquo;appartenance :<\/span><\/b><span class=\"citation-15 citation-end-15\"> ces attaques ont \u00e9t\u00e9 perp\u00e9tr\u00e9es en grande partie par des individus issus de nos soci\u00e9t\u00e9s<\/span>, partis chercher en Syrie et en Irak un autre id\u00e9al que celui de la R\u00e9publique fran\u00e7aise et des soci\u00e9t\u00e9s ouvertes que nous esp\u00e9rons d\u00e9fendre ici. Cela pose la question lancinante de la <b>d\u00e9saffiliation<\/b> et de l&rsquo;\u00e9chec d&rsquo;une partie du mod\u00e8le int\u00e9grateur.<\/li>\n<li><b>Les fondations d\u00e9mocratiques \u00e9branl\u00e9es :<\/b> ces attaques ont amen\u00e9 nos d\u00e9mocraties \u00e0 vaciller sur leurs fondations. <span class=\"citation-14\">En r\u00e9action, l&rsquo;\u00c9tat a adopt\u00e9 des <\/span><b><span class=\"citation-14\">mesures d&rsquo;urgence d\u00e9rogatoires<\/span><\/b><span class=\"citation-14 citation-end-14\"> au droit commun (\u00e9tat d&rsquo;urgence) et modifi\u00e9 durablement sa l\u00e9gislation<\/span>. La vigilance doit rester de mise quant \u00e0 l&rsquo;\u00e9quilibre entre s\u00e9curit\u00e9 et libert\u00e9s publiques.<\/li>\n<li><b>L&rsquo;institution polici\u00e8re et la \u00ab dette du Bataclan \u00bb :<\/b> Pour l&rsquo;institution polici\u00e8re, cette p\u00e9riode a signifi\u00e9 un regain d&rsquo;affection et de reconnaissance unanime. Mais elle a aussi pu accentuer le sentiment d&rsquo;\u00eatre une <b>citadelle assi\u00e9g\u00e9e<\/b>, alimentant chez une partie des effectifs et de la population l&rsquo;id\u00e9e d&rsquo;une <b>\u00ab dette du Bataclan \u00bb<\/b> justifiant l&rsquo;impunit\u00e9 ou un traitement de faveur pour les forces de l&rsquo;ordre, aggravant les tensions sociales dans d&rsquo;autres contextes.<\/li>\n<li><b>La mont\u00e9e des extr\u00eames :<\/b> Le <b>discours stigmatisant<\/b> les musulmans et les immigr\u00e9s a largement b\u00e9n\u00e9fici\u00e9 de ce post-13 Novembre. Les \u00e9lections qui ont eu lieu pendant ces dix ann\u00e9es ont vu par deux fois l&rsquo;extr\u00eame droite se qualifier pour le second tour de la pr\u00e9sidentielle et obtenir un nombre in\u00e9dit de si\u00e8ges \u00e0 l&rsquo;Assembl\u00e9e nationale. Ces signes rappellent que la <b>r\u00e9silience du 13-Novembre n&rsquo;est pas totale<\/b> si elle s&rsquo;accompagne d&rsquo;une fragmentation accrue de la soci\u00e9t\u00e9 et d&rsquo;une menace pour ses valeurs d\u00e9mocratiques.<\/li>\n<\/ul>\n<p>Le 10e anniversaire doit donc \u00eatre un moment d&rsquo;hommage l\u00e9gitime, mais aussi de <b>lucidit\u00e9<\/b> sur les faiblesses persistantes de notre soci\u00e9t\u00e9, qui doit continuer \u00e0 se battre non seulement contre le terrorisme, mais aussi contre ses causes et ses cons\u00e9quences et notamment ses propres travers.<\/p>\n<p>&nbsp;<\/p>\n<\/div>\n","protected":false},"excerpt":{"rendered":"<p>Comm\u00e9morations du 13 novembre 2015 : 10 ans apr\u00e8s les attentats, l&rsquo;hommage interroge. Au-del\u00e0 de la r\u00e9silience des victimes et de l&rsquo;honneur du proc\u00e8s V13, l&rsquo;article explore les fractures: l&rsquo;ambivalence de la figure polici\u00e8re, l&rsquo;impact sur les libert\u00e9s publiques et la mont\u00e9e des extr\u00eames. La m\u00e9moire est-elle totale ?<\/p>\n","protected":false},"author":31877977,"featured_media":0,"comment_status":"open","ping_status":"open","sticky":false,"template":"","format":"standard","meta":{"_wpcom_ai_launchpad_first_post":false,"footnotes":"","jetpack_publicize_message":"{title}\n\n{excerpt}\n\n{url}","jetpack_publicize_feature_enabled":true,"jetpack_social_post_already_shared":true,"jetpack_social_options":{"image_generator_settings":{"template":"highway","default_image_id":0,"font":"","enabled":false},"version":2},"_wpas_customize_per_network":false,"jetpack_post_was_ever_published":false},"categories":[701536491],"tags":[],"class_list":["post-11203","post","type-post","status-publish","format-standard","hentry","category-memoire-et-societe"],"jetpack_publicize_connections":[],"jetpack_likes_enabled":true,"jetpack_shortlink":"https:\/\/wp.me\/paCHR7-2UH","jetpack-related-posts":[{"id":4946,"url":"https:\/\/unpassetrespresent.com\/fr_fr\/dernier-compagnon-de-la-liberation\/","url_meta":{"origin":11203,"position":0},"title":"M\u00c9MOIRE DE LA SECONDE GUERRE MONDIALE : ET APR\u00c8S LE DERNIER COMPAGNON DE LA LIB\u00c9RATION ?","author":"Martial Roche","date":"10 novembre 2021","format":false,"excerpt":"D\u00e9couvrez comment les obs\u00e8ques du dernier Compagnon de la Lib\u00e9ration le 11 novembre 2021 ont relanc\u00e9 le d\u00e9bat sur la m\u00e9moire de la Seconde Guerre Mondiale et les futures obs\u00e8ques nationales. Analyse de la figure du Poilu face aux multiples visages des t\u00e9moins de 1945.","rel":"","context":"Dans &quot;Histoire&quot;","block_context":{"text":"Histoire","link":"https:\/\/unpassetrespresent.com\/fr_fr\/category\/histoire\/"},"img":{"alt_text":"Obs\u00e8ques dernier Compagnon Lib\u00e9ration 11 novembre 2021","src":"https:\/\/i0.wp.com\/unpassetrespresent.com\/wp-content\/uploads\/2021\/11\/Capture-decran-2025-07-14-a-15.31.23-1024x1007.png?resize=350%2C200&ssl=1","width":350,"height":200,"srcset":"https:\/\/i0.wp.com\/unpassetrespresent.com\/wp-content\/uploads\/2021\/11\/Capture-decran-2025-07-14-a-15.31.23-1024x1007.png?resize=350%2C200&ssl=1 1x, https:\/\/i0.wp.com\/unpassetrespresent.com\/wp-content\/uploads\/2021\/11\/Capture-decran-2025-07-14-a-15.31.23-1024x1007.png?resize=525%2C300&ssl=1 1.5x, https:\/\/i0.wp.com\/unpassetrespresent.com\/wp-content\/uploads\/2021\/11\/Capture-decran-2025-07-14-a-15.31.23-1024x1007.png?resize=700%2C400&ssl=1 2x"},"classes":[]},{"id":1310,"url":"https:\/\/unpassetrespresent.com\/fr_fr\/commemorer\/","url_meta":{"origin":11203,"position":1},"title":"COMM\u00c9MORER","author":"Martial Roche","date":"13 novembre 2019","format":false,"excerpt":"Ces jours-ci, je souhaitais consacrer quelques lignes \u00e0 l'acte social de comm\u00e9morer. Depuis le jour de Toussaint (comm\u00e9moration par la communaut\u00e9 catholique de ses martyrs, et pour beaucoup de la\u00efcs, de leurs d\u00e9funts dans leur sph\u00e8re priv\u00e9e), en passant par les comm\u00e9morations de la chute du mur, de l'armistice de\u2026","rel":"","context":"Dans &quot;Histoire&quot;","block_context":{"text":"Histoire","link":"https:\/\/unpassetrespresent.com\/fr_fr\/category\/histoire\/"},"img":{"alt_text":"","src":"https:\/\/i0.wp.com\/unpassetrespresent.com\/wp-content\/uploads\/2020\/10\/Maurice-Corcos-3.webp?resize=350%2C200&ssl=1","width":350,"height":200,"srcset":"https:\/\/i0.wp.com\/unpassetrespresent.com\/wp-content\/uploads\/2020\/10\/Maurice-Corcos-3.webp?resize=350%2C200&ssl=1 1x, https:\/\/i0.wp.com\/unpassetrespresent.com\/wp-content\/uploads\/2020\/10\/Maurice-Corcos-3.webp?resize=525%2C300&ssl=1 1.5x, https:\/\/i0.wp.com\/unpassetrespresent.com\/wp-content\/uploads\/2020\/10\/Maurice-Corcos-3.webp?resize=700%2C400&ssl=1 2x, https:\/\/i0.wp.com\/unpassetrespresent.com\/wp-content\/uploads\/2020\/10\/Maurice-Corcos-3.webp?resize=1050%2C600&ssl=1 3x, https:\/\/i0.wp.com\/unpassetrespresent.com\/wp-content\/uploads\/2020\/10\/Maurice-Corcos-3.webp?resize=1400%2C800&ssl=1 4x"},"classes":[]},{"id":11552,"url":"https:\/\/unpassetrespresent.com\/fr_fr\/commemorations-2026\/","url_meta":{"origin":11203,"position":2},"title":"Comm\u00e9morations 2026 : quelques aides m\u00e9moire.","author":"Martial Roche","date":"20 janvier 2026","format":false,"excerpt":"Comm\u00e9morations 2026 : Jalons pour une m\u00e9moire de l\u2019ombre et du droit \u00a0 \u00c0 l'approche des Comm\u00e9morations 2026, l\u2019histoire n\u2019appara\u00eet pas comme une ligne droite, mais comme un cycle de r\u00e9sonances n\u00e9cessaires. En ouvrant l\u2019almanach de cette ann\u00e9e charni\u00e8re, je ne cherche pas \u00e0 c\u00e9l\u00e9brer une mystique des chiffres, mais\u2026","rel":"","context":"Dans &quot;M\u00e9moire et soci\u00e9t\u00e9&quot;","block_context":{"text":"M\u00e9moire et soci\u00e9t\u00e9","link":"https:\/\/unpassetrespresent.com\/fr_fr\/category\/memoire-et-societe\/"},"img":{"alt_text":"photo-marc-bloch-resistant-historien","src":"https:\/\/i0.wp.com\/unpassetrespresent.com\/wp-content\/uploads\/2026\/01\/Marc-Bloch-en-uniforme.webp?resize=350%2C200&ssl=1","width":350,"height":200,"srcset":"https:\/\/i0.wp.com\/unpassetrespresent.com\/wp-content\/uploads\/2026\/01\/Marc-Bloch-en-uniforme.webp?resize=350%2C200&ssl=1 1x, https:\/\/i0.wp.com\/unpassetrespresent.com\/wp-content\/uploads\/2026\/01\/Marc-Bloch-en-uniforme.webp?resize=525%2C300&ssl=1 1.5x, https:\/\/i0.wp.com\/unpassetrespresent.com\/wp-content\/uploads\/2026\/01\/Marc-Bloch-en-uniforme.webp?resize=700%2C400&ssl=1 2x, https:\/\/i0.wp.com\/unpassetrespresent.com\/wp-content\/uploads\/2026\/01\/Marc-Bloch-en-uniforme.webp?resize=1050%2C600&ssl=1 3x"},"classes":[]},{"id":1299,"url":"https:\/\/unpassetrespresent.com\/fr_fr\/apres\/","url_meta":{"origin":11203,"position":3},"title":"APR\u00c8S","author":"Martial Roche","date":"29 novembre 2019","format":false,"excerpt":"Novembre, avec le 2, jour des morts, le 11, l'Armistice de 1918 et, depuis 2015, les attentats de Paris et Saint Denis, est un moins particuli\u00e8rement consacr\u00e9 au souvenir. Autour du sujet, des dates, des livres et des films. Cet article sort avec retard. Quelques fois, les dates ne tombent\u2026","rel":"","context":"Dans &quot;Pop culture&quot;","block_context":{"text":"Pop culture","link":"https:\/\/unpassetrespresent.com\/fr_fr\/category\/pop-culture\/"},"img":{"alt_text":"Apr\u00e8s, Der Weg zur\u00fcck , roman d'Erich Maria Remarque, d\u00e9crit le retour des soldats allemands apr\u00e8s la Premi\u00e8re Guerre mondiale. Suite d'\u00c0 l'Ouest, rien de nouveau, il parut en 1931 et fut critiqu\u00e9 pour son pessimisme. En mai 1933, les nazis br\u00fbl\u00e8rent publiquement Apr\u00e8s et \u00c0 l'Ouest, rien de nouveau.","src":"https:\/\/i0.wp.com\/unpassetrespresent.com\/wp-content\/uploads\/2019\/11\/Erich_Maria_Remarque_-_Der_Weg_zuruck_1931.webp?resize=350%2C200&ssl=1","width":350,"height":200,"srcset":"https:\/\/i0.wp.com\/unpassetrespresent.com\/wp-content\/uploads\/2019\/11\/Erich_Maria_Remarque_-_Der_Weg_zuruck_1931.webp?resize=350%2C200&ssl=1 1x, https:\/\/i0.wp.com\/unpassetrespresent.com\/wp-content\/uploads\/2019\/11\/Erich_Maria_Remarque_-_Der_Weg_zuruck_1931.webp?resize=525%2C300&ssl=1 1.5x, https:\/\/i0.wp.com\/unpassetrespresent.com\/wp-content\/uploads\/2019\/11\/Erich_Maria_Remarque_-_Der_Weg_zuruck_1931.webp?resize=700%2C400&ssl=1 2x"},"classes":[]},{"id":1122,"url":"https:\/\/unpassetrespresent.com\/fr_fr\/politique-memorielle-presidents\/","url_meta":{"origin":11203,"position":4},"title":"IN MEMORIAM&#8230; PRAESENTEM","author":"Martial Roche","date":"27 septembre 2019","format":false,"excerpt":"De la rivalit\u00e9 Chirac-Mitterrand au discours du Vel d'Hiv, d\u00e9couvrez comment la politique m\u00e9morielle sert le pouvoir. Analyse des comm\u00e9morations sous la Ve R\u00e9publique.","rel":"","context":"Dans &quot;Histoire&quot;","block_context":{"text":"Histoire","link":"https:\/\/unpassetrespresent.com\/fr_fr\/category\/histoire\/"},"img":{"alt_text":"","src":"","width":0,"height":0},"classes":[]},{"id":3356,"url":"https:\/\/unpassetrespresent.com\/fr_fr\/lavant-dernier\/","url_meta":{"origin":11203,"position":5},"title":"L&rsquo;AVANT DERNIER","author":"Martial Roche","date":"24 novembre 2020","format":false,"excerpt":"Daniel Cordier, secr\u00e9taire de Jean Moulin, est d\u00e9c\u00e9d\u00e9 vendredi 20 novembre. Il \u00e9tait l'avant dernier compagnon de la lib\u00e9ration vivant. Un homme au parcours singulier, devenu secr\u00e9taire de Jean Moulin, homme du front populaire, lui qui \u00e9tait jusqu'en 1940, militant d\u2019extr\u00eame droite de l'Action Fran\u00e7aise. En 2011, il avait accord\u00e9\u2026","rel":"","context":"Dans &quot;Histoire&quot;","block_context":{"text":"Histoire","link":"https:\/\/unpassetrespresent.com\/fr_fr\/category\/histoire\/"},"img":{"alt_text":"","src":"","width":0,"height":0},"classes":[]}],"jetpack_featured_media_url":"","_links":{"self":[{"href":"https:\/\/unpassetrespresent.com\/fr_fr\/wp-json\/wp\/v2\/posts\/11203","targetHints":{"allow":["GET"]}}],"collection":[{"href":"https:\/\/unpassetrespresent.com\/fr_fr\/wp-json\/wp\/v2\/posts"}],"about":[{"href":"https:\/\/unpassetrespresent.com\/fr_fr\/wp-json\/wp\/v2\/types\/post"}],"author":[{"embeddable":true,"href":"https:\/\/unpassetrespresent.com\/fr_fr\/wp-json\/wp\/v2\/users\/31877977"}],"replies":[{"embeddable":true,"href":"https:\/\/unpassetrespresent.com\/fr_fr\/wp-json\/wp\/v2\/comments?post=11203"}],"version-history":[{"count":9,"href":"https:\/\/unpassetrespresent.com\/fr_fr\/wp-json\/wp\/v2\/posts\/11203\/revisions"}],"predecessor-version":[{"id":11231,"href":"https:\/\/unpassetrespresent.com\/fr_fr\/wp-json\/wp\/v2\/posts\/11203\/revisions\/11231"}],"wp:attachment":[{"href":"https:\/\/unpassetrespresent.com\/fr_fr\/wp-json\/wp\/v2\/media?parent=11203"}],"wp:term":[{"taxonomy":"category","embeddable":true,"href":"https:\/\/unpassetrespresent.com\/fr_fr\/wp-json\/wp\/v2\/categories?post=11203"},{"taxonomy":"post_tag","embeddable":true,"href":"https:\/\/unpassetrespresent.com\/fr_fr\/wp-json\/wp\/v2\/tags?post=11203"}],"curies":[{"name":"wp","href":"https:\/\/api.w.org\/{rel}","templated":true}]}}