{"id":176,"date":"2019-03-10T10:51:44","date_gmt":"2019-03-10T09:51:44","guid":{"rendered":"https:\/\/unpassetrespresent.com\/?p=176"},"modified":"2026-01-29T10:27:55","modified_gmt":"2026-01-29T09:27:55","slug":"sortir-de-la-guerre","status":"publish","type":"post","link":"https:\/\/unpassetrespresent.com\/fr_fr\/sortir-de-la-guerre\/","title":{"rendered":"SORTIR DE LA GUERRE"},"content":{"rendered":"\n<div class=\"wp-block-image has-lightbox\"><figure class=\"alignleft is-resized\"><img data-recalc-dims=\"1\" fetchpriority=\"high\" decoding=\"async\" src=\"https:\/\/i0.wp.com\/unpassetrespresent.com\/wp-content\/uploads\/2019\/03\/53258158_1954052171384505_4345196655058878464_n.webp?resize=636%2C960&#038;ssl=1\" alt=\"Entre le marteau et l'enclume, affiche de Jean Carlu pour les territoires fran\u00e7ais lib\u00e9r\u00e9s en 1944. Un grand classique de l'affiche de propagande alli\u00e9e par un illustrateur des plus c\u00e9l\u00e8bres. Et un bon exemple du consensus de 1944.\" class=\"wp-image-177\" width=\"636\" height=\"960\" \/><figcaption>N\u00b0 inv. : 001.130.113<br \/> Coll. mus\u00e9e Edmond-Michelet, ville de Brive<\/figcaption><\/figure><\/div>\n\n\n\n<p class=\"has-text-align-justify has-black-color has-text-color has-medium-font-size wp-block-paragraph\">Un grand classique de l&rsquo;affiche de propagande alli\u00e9e par un illustrateur des plus c\u00e9l\u00e8bres.<br \/>\u00ab&nbsp;Cette affiche de Jean Carlu a \u00e9t\u00e9 r\u00e9alis\u00e9e en 1944, pour les Nations unies, aux Etats-Unis d\u2019Am\u00e9rique. Elle a \u00e9t\u00e9 appos\u00e9e en France apr\u00e8s le d\u00e9barquement en Normandie.&nbsp;\u00bb nous dit le Mus\u00e9e Edmond Michelet de Brive dans une publication sur son compte Facebook du 9 mars.<br \/><a href=\"https:\/\/www.facebook.com\/museemichelet\/photos\/a.156471717809235\/1954052161384506\/?type=3&amp;theater\" target=\"_blank\" rel=\"noopener\">Voir ici les commentaires plus approfondis de leur publication.<\/a><br \/>A mon sens, cette image est aussi un bon exemple du consensus de 1944. Cette affiche est pr\u00e9vue pour le public des territoires fran\u00e7ais tout juste lib\u00e9r\u00e9s. <br \/><br \/>Je parle de repr\u00e9sentation.<br \/>La R\u00e9sistance int\u00e9rieure, l&rsquo;enclume, est unie sous la croix de Lorraine gaulliste. Cette unit\u00e9 a \u00e9t\u00e9 d&rsquo;une extr\u00eame difficult\u00e9 \u00e0 construire et reste d&rsquo;une extr\u00eame fragilit\u00e9. N\u00e9anmoins, le consensus s&rsquo;\u00e9tablit sur l&rsquo;id\u00e9e commune de restaurer l&rsquo;ind\u00e9pendance de l&rsquo;Etat France pour ne pas tomber sous tutelle am\u00e9ricaine. On le sait, le champion de Roosevelt, c&rsquo;\u00e9tait plut\u00f4t Giraud, malgr\u00e9 sa proximit\u00e9 avec Vichy. Du reste, une monnaie \u00e9tait en pr\u00e9paration pour le territoire fran\u00e7ais sous administration am\u00e9ricaine. La d\u00e9clinaison du Conseil National de la R\u00e9sistance en Conseils D\u00e9partementaux, voir locaux, de la R\u00e9sistance permet d&rsquo;assurer la continuit\u00e9 administrative avant l&rsquo;arriv\u00e9e des commissaires de la R\u00e9publique nomm\u00e9s par le Gouvernement Provisoire de la R\u00e9publique Fran\u00e7aise.<br \/>C\u00f4t\u00e9 marteau, on remarque que le drapeau fran\u00e7ais fait la m\u00eame taille que le drapeau sovi\u00e9tique. En termes d&rsquo;effort de guerre, les deux nations sont pourtant difficilement comparables. En 1945, l&rsquo;URSS comptabilise plus de la moiti\u00e9 des pertes militaires du conflit. Je ne m&rsquo;avance pas sur les chiffres, faute d&rsquo;avoir le temps de les v\u00e9rifier pour cette publication mais la proportion est grossi\u00e8rement de 1 pour 40 (chiffres \u00e0 v\u00e9rifier, je ne donne qu&rsquo;un ordre d&rsquo;id\u00e9e.) <br \/>N\u00e9anmoins, pour le public fran\u00e7ais, il s&rsquo;agit de faire figurer la France au rang des alli\u00e9s vainqueurs (ce qui am\u00e8ne en 45 \u00e0 l&rsquo;existence d&rsquo;une zone d&rsquo;occupation fran\u00e7aise \u00e0 Berlin, en Allemagne de l&rsquo;Ouest et en Autriche).<br \/>Des troupes polonaises, hollandaises ou belges ont particip\u00e9 aux combats sur tous les th\u00e9\u00e2tres d&rsquo;op\u00e9ration. Mais leur drapeau n&rsquo;appara\u00eet pas sur cette affiche. Bien sur, les troupes coloniales sont cach\u00e9es derri\u00e8re le drapeau fran\u00e7ais (comme celles du futur Commonwealth). Et l&rsquo;affiche s&rsquo;adressant aux fran\u00e7ais ne s&rsquo;int\u00e9resse qu&rsquo;\u00e0 la situation du front ouest europ\u00e9en.<br \/>Le rel\u00e8vement de la France se fait non seulement sur l&rsquo;effort r\u00e9el de la France Libre et celui de la R\u00e9sistance int\u00e9rieure mais aussi sur un consensus entre les deux blocs sur le point de se cr\u00e9er. Une mise sous tutelle am\u00e9ricaine avec occupation militaire aurait peut-\u00eatre cr\u00e9\u00e9 un cassus belli avec les communistes fran\u00e7ais ou les tendances nationalistes de la R\u00e9sistance. Pour les communistes, l&rsquo;id\u00e9e de prise du pouvoir par les armes n&rsquo;\u00e9tait pas envisageable non plus \u00e0 la fois parce que la R\u00e9publique Fran\u00e7aise faisait partie de leur culture politique et aussi parce que la possibilit\u00e9 de prise de pouvoir comme elle s&rsquo;est faite dans les territoires occup\u00e9s par l&rsquo;arm\u00e9e rouge ne se pr\u00e9sente pas sur le territoire fran\u00e7ais. Et puis bien sur, il ne faut pas oublier dans l&rsquo;\u00e9quation que P\u00e9tain n&rsquo;a pas l&rsquo;unanimit\u00e9 contre lui, sa popularit\u00e9 r\u00e9sidant jusqu&rsquo;en novembre 1942 dans l&rsquo;illusion de souverainet\u00e9 gard\u00e9e par Vichy. <br \/>Avec tous ces conditionnels, je me risque sur le terrain de la sp\u00e9culation, bien sur. <br \/>C&rsquo;est un peu toute cette situation complexe que Jean Carlu synth\u00e9tise pour la population des territoires lib\u00e9r\u00e9s. Parce que pour la population, il faut l\u00e9gitimer l&rsquo;autorit\u00e9 qui se remet en place. D&rsquo;ailleurs, c&rsquo;est dans cette situation de flottement politique que se reconstruit un consensus entre les forces de la R\u00e9sistance &#8211; o\u00f9 Moulin a forc\u00e9 la r\u00e9int\u00e9gration des partis politiques et syndicats d&rsquo;avant-guerre, au grand dam de certains r\u00e9seaux (Frenay ou Brossolette y \u00e9taient hostiles) &#8211; et une continuit\u00e9 de l\u2019\u00c9tat repr\u00e9sent\u00e9e par les fonctionnaires ralli\u00e9s \u00e0 la R\u00e9sistance (avec plus ou moins de sinc\u00e9rit\u00e9). Ce qui bien sur a permis \u00e0 un Maurice Papon de passer entre les gouttes. Mais on s&rsquo;\u00e9loigne de cette affiche&#8230;<\/p>\n\n\n\n<div class=\"wp-block-group\"><div class=\"wp-block-group__inner-container is-layout-flow wp-block-group-is-layout-flow\">\n<div class=\"wp-block-group has-white-background-color has-background has-small-padding\"><div class=\"wp-block-group__inner-container is-layout-flow wp-block-group-is-layout-flow\">\n<div class=\"wp-block-columns is-layout-flex wp-container-core-columns-is-layout-8f761849 wp-block-columns-is-layout-flex\">\n<div class=\"wp-block-column is-vertically-aligned-center is-layout-flow wp-block-column-is-layout-flow\">\n<div class=\"wp-block-buttons is-content-justification-center is-layout-flex wp-container-core-buttons-is-layout-fe48e5de wp-block-buttons-is-layout-flex\">\n<div class=\"wp-block-button has-custom-width wp-block-button__width-50\"><a class=\"wp-block-button__link has-white-color has-vivid-red-background-color has-text-color has-background\" href=\"https:\/\/unpassetrespresent.com\/2020\/02\/28\/le-nez-dans-le-guidon\/\" style=\"border-radius:7px\" target=\"_blank\" rel=\"noreferrer noopener\">2 minutes pour 3 questions ?<\/a><\/div>\n<\/div>\n<\/div>\n<\/div>\n\n\n\n<div class=\"wp-block-columns is-layout-flex wp-container-core-columns-is-layout-8f761849 wp-block-columns-is-layout-flex\">\n<div class=\"wp-block-column is-layout-flow wp-block-column-is-layout-flow\">\n<p class=\"has-text-align-left has-black-color has-light-blue-background-color has-text-color has-background wp-block-paragraph\" style=\"font-size:24px\"><em><strong>Pour soutenir le projet Un pass\u00e9 tr\u00e8s pr\u00e9sent, il y a plusieurs fa\u00e7ons que j&rsquo;ai d\u00e9taill\u00e9es <a href=\"https:\/\/unpassetrespresent.com\/contribuez-au-projet\/\" target=\"_blank\" rel=\"noreferrer noopener\">ICI<\/a>.<\/strong><\/em><br \/><em>N&rsquo;oubliez pas de vous abonner et de fouiller dans le petit bloc ci-dessous pour mettre un petit <strong>\u00ab\u00a0J&rsquo;aime\u00a0\u00bb<\/strong> et un petit partage. <\/em><br \/><em><strong><span class=\"uppercase\">Merci !<\/span><\/strong><\/em><\/p>\n\n\n\n<div class=\"wp-block-group\"><div class=\"wp-block-group__inner-container is-layout-flow wp-block-group-is-layout-flow\">\n\n<\/div><\/div>\n<\/div>\n<\/div>\n<\/div><\/div>\n<\/div><\/div>\n","protected":false},"excerpt":{"rendered":"<p>Un grand classique de l&rsquo;affiche de propagande alli\u00e9e par un illustrateur des plus c\u00e9l\u00e8bres. Et un bon exemple du consensus de 1944. <\/p>\n","protected":false},"author":31877977,"featured_media":0,"comment_status":"open","ping_status":"open","sticky":false,"template":"","format":"standard","meta":{"_wpcom_ai_launchpad_first_post":false,"footnotes":"","jetpack_publicize_message":"{title}\n\n{excerpt}\n\n{url}","jetpack_publicize_feature_enabled":true,"jetpack_social_post_already_shared":false,"jetpack_social_options":{"image_generator_settings":{"template":"highway","default_image_id":0,"font":"","enabled":false},"version":2},"_wpas_customize_per_network":false,"jetpack_post_was_ever_published":false},"categories":[27785,701536491,685626844,1001,8737],"tags":[701536609,179880,61091],"class_list":["post-176","post","type-post","status-publish","format-standard","hentry","category-histoire","category-memoire-et-societe","category-musees-lieux-de-memoire","category-politique","category-pop-culture","tag-culture","tag-memoire","tag-violences"],"jetpack_publicize_connections":[],"jetpack_likes_enabled":true,"jetpack_shortlink":"https:\/\/wp.me\/paCHR7-2Q","jetpack-related-posts":[{"id":627,"url":"https:\/\/unpassetrespresent.com\/fr_fr\/dessous-les-paves-lorage\/","url_meta":{"origin":176,"position":0},"title":"DESSOUS LES PAV\u00c9S&#8230; L&rsquo;ORAGE","author":"Martial Roche","date":"27 ao\u00fbt 2019","format":false,"excerpt":"Lors du vernissage presse du nouveau Mus\u00e9e de la Lib\u00e9ration de Paris - Mus\u00e9e du G\u00e9n\u00e9ral Leclerc - Mus\u00e9e Jean Moulin, sa directrice, Mme Sylvie ZAIDMAN a r\u00e9pondu \u00e0 mes questions. Nous sommes revenus sur la gen\u00e8se du mus\u00e9e mais aussi ses choix d'am\u00e9nagement. H\u00e9ritier de deux mus\u00e9es existants consacr\u00e9s\u2026","rel":"","context":"Dans &quot;Histoire&quot;","block_context":{"text":"Histoire","link":"https:\/\/unpassetrespresent.com\/fr_fr\/category\/histoire\/"},"img":{"alt_text":"","src":"https:\/\/i0.wp.com\/unpassetrespresent.com\/wp-content\/uploads\/2019\/08\/musecc81eliberation_220819_001.webp?resize=350%2C200","width":350,"height":200,"srcset":"https:\/\/i0.wp.com\/unpassetrespresent.com\/wp-content\/uploads\/2019\/08\/musecc81eliberation_220819_001.webp?resize=350%2C200 1x, https:\/\/i0.wp.com\/unpassetrespresent.com\/wp-content\/uploads\/2019\/08\/musecc81eliberation_220819_001.webp?resize=525%2C300 1.5x, https:\/\/i0.wp.com\/unpassetrespresent.com\/wp-content\/uploads\/2019\/08\/musecc81eliberation_220819_001.webp?resize=700%2C400 2x, https:\/\/i0.wp.com\/unpassetrespresent.com\/wp-content\/uploads\/2019\/08\/musecc81eliberation_220819_001.webp?resize=1050%2C600 3x, https:\/\/i0.wp.com\/unpassetrespresent.com\/wp-content\/uploads\/2019\/08\/musecc81eliberation_220819_001.webp?resize=1400%2C800 4x"},"classes":[]},{"id":3,"url":"https:\/\/unpassetrespresent.com\/fr_fr\/the-journey-begins\/","url_meta":{"origin":176,"position":1},"title":"BIENVENUE SUR UN PASS\u00c9 TR\u00c8S PR\u00c9SENT","author":"Martial Roche","date":"16 janvier 2019","format":false,"excerpt":"Un pass\u00e9 tr\u00e8s pr\u00e9sent est un projet documentaire.Un documentaire historique ? Pas vraiment. Ou plut\u00f4t, pas seulement. https:\/\/youtu.be\/JL2MYFTrbbE Ce que je veux explorer, par des regards crois\u00e9s, c'est comment s'est \u00e9crit le r\u00e9cit de la R\u00e9sistance de 1944 \u00e0 aujourd'hui, ce qui r\u00e9sonne aujourd'hui et ce que \u00e7a dit de\u2026","rel":"","context":"Dans &quot;Courrier des lecteurs&quot;","block_context":{"text":"Courrier des lecteurs","link":"https:\/\/unpassetrespresent.com\/fr_fr\/category\/courrier-des-lecteurs\/"},"img":{"alt_text":"","src":"https:\/\/i0.wp.com\/unpassetrespresent.com\/wp-content\/uploads\/2019\/01\/re%CC%81sist.webp?fit=1200%2C424&ssl=1&resize=350%2C200","width":350,"height":200,"srcset":"https:\/\/i0.wp.com\/unpassetrespresent.com\/wp-content\/uploads\/2019\/01\/re%CC%81sist.webp?fit=1200%2C424&ssl=1&resize=350%2C200 1x, https:\/\/i0.wp.com\/unpassetrespresent.com\/wp-content\/uploads\/2019\/01\/re%CC%81sist.webp?fit=1200%2C424&ssl=1&resize=525%2C300 1.5x, https:\/\/i0.wp.com\/unpassetrespresent.com\/wp-content\/uploads\/2019\/01\/re%CC%81sist.webp?fit=1200%2C424&ssl=1&resize=700%2C400 2x, https:\/\/i0.wp.com\/unpassetrespresent.com\/wp-content\/uploads\/2019\/01\/re%CC%81sist.webp?fit=1200%2C424&ssl=1&resize=1050%2C600 3x"},"classes":[]},{"id":2197,"url":"https:\/\/unpassetrespresent.com\/fr_fr\/le-heraut-du-debarquement\/","url_meta":{"origin":176,"position":2},"title":"LE H\u00c9RAUT DU D\u00c9BARQUEMENT","author":"Martial Roche","date":"6 juin 2020","format":false,"excerpt":"Cornelius Ryan (1920 - 1974) Cornelius Ryan et \"Le Jour le Plus Long\" : un r\u00e9cit \u00e9pique du d\u00e9barquement de Normandie Le 5 juin 2020 marquait le centenaire de la naissance de Cornelius Ryan (1920-1974), journaliste et auteur irlandais renomm\u00e9. Son \u0153uvre majeure, \"Le Jour le Plus Long\", publi\u00e9e en\u2026","rel":"","context":"Dans &quot;Histoire&quot;","block_context":{"text":"Histoire","link":"https:\/\/unpassetrespresent.com\/fr_fr\/category\/histoire\/"},"img":{"alt_text":"","src":"https:\/\/upload.wikimedia.org\/wikipedia\/commons\/a\/af\/Cornelius_Ryan_and_Godfried_Bomans_1966.jpg?uselang=fr","width":350,"height":200,"srcset":"https:\/\/upload.wikimedia.org\/wikipedia\/commons\/a\/af\/Cornelius_Ryan_and_Godfried_Bomans_1966.jpg?uselang=fr 1x, https:\/\/upload.wikimedia.org\/wikipedia\/commons\/a\/af\/Cornelius_Ryan_and_Godfried_Bomans_1966.jpg?uselang=fr 1.5x, https:\/\/upload.wikimedia.org\/wikipedia\/commons\/a\/af\/Cornelius_Ryan_and_Godfried_Bomans_1966.jpg?uselang=fr 2x"},"classes":[]},{"id":465,"url":"https:\/\/unpassetrespresent.com\/fr_fr\/au-coeur-de-lorage\/","url_meta":{"origin":176,"position":3},"title":"AU C\u0152UR DE L&rsquo;ORAGE","author":"Martial Roche","date":"8 ao\u00fbt 2019","format":false,"excerpt":"Gr\u00e2ce \u00e0 des amis, je viens d'avoir l'occasion de passer quelques jours dans le Vercors. Un voyage en pays de m\u00e9moire. Je prendrais le temps de faire quelques lignes \u00e0 ce sujet quand j'aurai laiss\u00e9 derri\u00e8re moi quelques tracas administratifs. Quelques faits int\u00e9ressants pour commencer. C'est avec le plan Montagnard\u2026","rel":"","context":"Dans &quot;Histoire&quot;","block_context":{"text":"Histoire","link":"https:\/\/unpassetrespresent.com\/fr_fr\/category\/histoire\/"},"img":{"alt_text":"","src":"https:\/\/i0.wp.com\/unpassetrespresent.com\/wp-content\/uploads\/2019\/08\/img_20190806_1844096307602680335027861.webp?resize=350%2C200&ssl=1","width":350,"height":200,"srcset":"https:\/\/i0.wp.com\/unpassetrespresent.com\/wp-content\/uploads\/2019\/08\/img_20190806_1844096307602680335027861.webp?resize=350%2C200&ssl=1 1x, https:\/\/i0.wp.com\/unpassetrespresent.com\/wp-content\/uploads\/2019\/08\/img_20190806_1844096307602680335027861.webp?resize=525%2C300&ssl=1 1.5x, https:\/\/i0.wp.com\/unpassetrespresent.com\/wp-content\/uploads\/2019\/08\/img_20190806_1844096307602680335027861.webp?resize=700%2C400&ssl=1 2x, https:\/\/i0.wp.com\/unpassetrespresent.com\/wp-content\/uploads\/2019\/08\/img_20190806_1844096307602680335027861.webp?resize=1050%2C600&ssl=1 3x, https:\/\/i0.wp.com\/unpassetrespresent.com\/wp-content\/uploads\/2019\/08\/img_20190806_1844096307602680335027861.webp?resize=1400%2C800&ssl=1 4x"},"classes":[]},{"id":995,"url":"https:\/\/unpassetrespresent.com\/fr_fr\/socialiste-pour-faire-barrage-aux-communistes\/","url_meta":{"origin":176,"position":4},"title":"\u00ab\u00a0LE VOTE SOCIALISTE POUR FAIRE BARRAGE AUX COMMUNISTES\u00a0\u00bb","author":"Martial Roche","date":"3 septembre 2019","format":false,"excerpt":"https:\/\/youtu.be\/75GGMNmInLM Hier, M. Viroulaud, adjoint au maire de la ville de Limoges, m'a accord\u00e9 une interview dans une salle de travail du mus\u00e9e de la R\u00e9sistance en sa qualit\u00e9 d'adjoint en charge de la m\u00e9moire et des anciens combattants. M. Viroulaud milite dans la droite limougeaude depuis le milieu des\u2026","rel":"","context":"Dans &quot;Histoire&quot;","block_context":{"text":"Histoire","link":"https:\/\/unpassetrespresent.com\/fr_fr\/category\/histoire\/"},"img":{"alt_text":"","src":"https:\/\/i0.wp.com\/img.youtube.com\/vi\/75GGMNmInLM\/0.jpg?resize=350%2C200","width":350,"height":200},"classes":[]},{"id":1438,"url":"https:\/\/unpassetrespresent.com\/fr_fr\/videoclub\/","url_meta":{"origin":176,"position":5},"title":"VID\u00c9O CLUB","author":"Martial Roche","date":"29 janvier 2019","format":"gallery","excerpt":"LE PROJET O\u00f9 va le projet Un pass\u00e9 tr\u00e8s pr\u00e9sent ? C'est ce que je vous explique ici. https:\/\/youtu.be\/JL2MYFTrbbEhttps:\/\/youtu.be\/4feSMzqnSNE GUINGOUIN, L'HOMME ET SA L\u00c9GENDE Un personnage historique, qui, par sa destin\u00e9e extraordinaire, est devenu plus que lui-m\u00eame. https:\/\/youtu.be\/EoPue7RJxOIhttps:\/\/youtu.be\/zl1Jlg41J9Uhttps:\/\/youtu.be\/APbzjFrDSA4https:\/\/youtu.be\/MckJFxbLC7Q HISTOIRE ET M\u00c9MOIRE DE LA R\u00c9SISTANCE La R\u00e9sistance, un cas tr\u00e8s particulier\u2026","rel":"","context":"Dans &quot;Courrier des lecteurs&quot;","block_context":{"text":"Courrier des lecteurs","link":"https:\/\/unpassetrespresent.com\/fr_fr\/category\/courrier-des-lecteurs\/"},"img":{"alt_text":"","src":"https:\/\/i0.wp.com\/img.youtube.com\/vi\/JL2MYFTrbbEhttps\/0.jpg?resize=350%2C200","width":350,"height":200},"classes":[]}],"jetpack_featured_media_url":"","_links":{"self":[{"href":"https:\/\/unpassetrespresent.com\/fr_fr\/wp-json\/wp\/v2\/posts\/176","targetHints":{"allow":["GET"]}}],"collection":[{"href":"https:\/\/unpassetrespresent.com\/fr_fr\/wp-json\/wp\/v2\/posts"}],"about":[{"href":"https:\/\/unpassetrespresent.com\/fr_fr\/wp-json\/wp\/v2\/types\/post"}],"author":[{"embeddable":true,"href":"https:\/\/unpassetrespresent.com\/fr_fr\/wp-json\/wp\/v2\/users\/31877977"}],"replies":[{"embeddable":true,"href":"https:\/\/unpassetrespresent.com\/fr_fr\/wp-json\/wp\/v2\/comments?post=176"}],"version-history":[{"count":8,"href":"https:\/\/unpassetrespresent.com\/fr_fr\/wp-json\/wp\/v2\/posts\/176\/revisions"}],"predecessor-version":[{"id":12192,"href":"https:\/\/unpassetrespresent.com\/fr_fr\/wp-json\/wp\/v2\/posts\/176\/revisions\/12192"}],"wp:attachment":[{"href":"https:\/\/unpassetrespresent.com\/fr_fr\/wp-json\/wp\/v2\/media?parent=176"}],"wp:term":[{"taxonomy":"category","embeddable":true,"href":"https:\/\/unpassetrespresent.com\/fr_fr\/wp-json\/wp\/v2\/categories?post=176"},{"taxonomy":"post_tag","embeddable":true,"href":"https:\/\/unpassetrespresent.com\/fr_fr\/wp-json\/wp\/v2\/tags?post=176"}],"curies":[{"name":"wp","href":"https:\/\/api.w.org\/{rel}","templated":true}]}}