{"id":2517,"date":"2020-07-10T19:08:52","date_gmt":"2020-07-10T17:08:52","guid":{"rendered":"https:\/\/unpassetrespresent.com\/?p=2517"},"modified":"2022-02-14T16:42:12","modified_gmt":"2022-02-14T15:42:12","slug":"le-front-populaire-a-til-vote-les-pleins-pouvoirs","status":"publish","type":"post","link":"https:\/\/unpassetrespresent.com\/fr_fr\/le-front-populaire-a-til-vote-les-pleins-pouvoirs\/","title":{"rendered":"LE FRONT POPULAIRE A-T-IL VOT\u00c9 LES PLEINS POUVOIRS ?"},"content":{"rendered":"\n<p class=\"has-text-align-justify has-medium-font-size wp-block-paragraph\">Non&#8230;<br \/><br \/>D&rsquo;accord, je vais faire un effort.<\/p>\n\n\n\n<div class=\"wp-block-image\"><figure class=\"alignleft size-large is-resized\"><img fetchpriority=\"high\" decoding=\"async\" src=\"https:\/\/upload.wikimedia.org\/wikipedia\/commons\/thumb\/7\/7c\/Front_populaire-chambre_des_d%C3%A9put%C3%A9s.svg\/langfr-1920px-Front_populaire-chambre_des_d%C3%A9put%C3%A9s.svg.png\" alt=\"\" width=\"960\" height=\"899\"\/><figcaption>Par historicair 23:19, 1 November 2006 (UTC) \u2014 Travail personnel, CC BY-SA 3.0, <a href=\"https:\/\/commons.wikimedia.org\/w\/index.php?curid=1331777\" rel=\"nofollow\">https:\/\/commons.wikimedia.org\/w\/index.php?curid=1331777<\/a><\/figcaption><\/figure><\/div>\n\n\n\n<h2 class=\"wp-block-heading\">LA CHAMBRE DES D\u00c9PUT\u00c9S N&rsquo;EST PAS L&rsquo;ASSEMBL\u00c9E NATIONALE<\/h2>\n\n\n\n<p class=\"has-text-align-justify has-medium-font-size wp-block-paragraph\">La IIIe R\u00e9publique, comme les deux qui la suivent, est bicam\u00e9rale. <br \/>La chambre des d\u00e9put\u00e9s, \u00e9lue au suffrage direct (pas universel, dans la mesure o\u00f9 les femmes n&rsquo;ont pas le droit de vote), c&rsquo;est celle o\u00f9, aux l\u00e9gislatives d&rsquo;avril mai 1936, le Front Populaire obtient la majorit\u00e9. <br \/>Le s\u00e9nat, \u00e9lu indirectement par des grand \u00e9lecteurs, est traditionnellement plus conservateur. Le s\u00e9nat ne suit pas le mouvement de 1936. Par deux fois, il fait chuter le gouvernement Blum.<br \/>Or les votes des 9 et 10 juillet 1940, ayant pour objectif une r\u00e9forme constitutionnelle, rassemble les deux chambres. En tout, un peu plus de 900 \u00e9lus.<br \/>Les s\u00e9nateurs repr\u00e9sentent un tiers de cet \u00e9lectorat.<br \/>Parmi les parlementaires, manquent 176 \u00e9lus : 61 d\u00e9put\u00e9s communistes ont \u00e9t\u00e9 d\u00e9chus en janvier 1940 apr\u00e8s l&rsquo;interdiction du parti de septembre 1939. 27 d\u00e9put\u00e9s sont en M\u00e9diterran\u00e9e \u00e0 bord du paquebot Massilia dans une tentative de rallier Casablanca, dans l&rsquo;objectif de poursuivre la guerre depuis les colonies. Ils ont fait parvenir un t\u00e9l\u00e9gramme \u00e0 Vichy mettant en cause la l\u00e9gitimit\u00e9 de la d\u00e9marche du gouvernement.<br \/>18 d\u00e9put\u00e9s sont sous les drapeaux : 2 ont \u00e9t\u00e9 tu\u00e9s au combat, 15 sont prisonniers, le dernier, Gaston Monnerville, est \u00e0 Mers el Kebir.<br \/>4 d\u00e9put\u00e9s sont d\u00e9j\u00e0 \u00e0 Londres. 2 autonomistes alsaciens sont en d\u00e9tention.<br \/>11 sont \u00ab\u00a0excus\u00e9s\u00a0\u00bb.<br \/>Les autres ne sont pas en mesure de rejoindre Vichy ou n&rsquo;ont pas cherch\u00e9 \u00e0 le faire.<br \/>Sur 846 inscrits, ne restent que 649 suffrages exprim\u00e9s. Dont 80 qui votent contre. Et 20 qui s&rsquo;abstiennent.<br \/><br \/>La repr\u00e9sentation nationale est amput\u00e9e de plus du quart.<br \/><br \/>Les 80 qui votent contre sont d\u00e9put\u00e9s pour les 3\/4 d&rsquo;entre eux (67 d\u00e9put\u00e9s et 23 s\u00e9nateurs). Pr\u00e8s de la moiti\u00e9 (37) sont de la SFIO, ce qui n&#8217;emp\u00eache pas 85 autres d\u00e9put\u00e9s de la SFIO de voter pour avec 107 radicaux socialistes. La gauche et le centre gauche ont donc apport\u00e9 leur contribution aux pleins pouvoirs de P\u00e9tain : \u00e0 peu pr\u00e8s la moiti\u00e9 des voix pour. Il a bien fallu que centre droit, droite et extr\u00eame-droite contribuent.<\/p>\n\n\n\n<h2 class=\"wp-block-heading\">LE FRONT POPULAIRE N&rsquo;EST PLUS<\/h2>\n\n\n\n<p class=\"has-text-align-justify has-medium-font-size wp-block-paragraph\">En juillet 1940, cela fait presque 3 ans que l&rsquo;unit\u00e9 cr\u00e9\u00e9e en 1934 a explos\u00e9. Et la pr\u00e9sidence du conseil par Daladier, du Parti Radical, \u00e0 partir d&rsquo;avril 1938, est un v\u00e9ritable virage au centre droit, revenant notamment sur plusieurs conqu\u00eates du Front Populaire, dont les 40 heures.<br \/>Donc en juillet 1940, les d\u00e9put\u00e9s qui ne sont pas absents sont toujours l\u00e0 (excusez cette lapalissade). Mais les coalitions ont chang\u00e9.<br \/><br \/>Il y a dans le lot, comme toujours, un certain nombre d&rsquo;opportunistes, un peu moins fid\u00e8les \u00e0 une ligne de parti quand celle-ci n&rsquo;a plus le vent en poupe. <br \/><br \/>Quant \u00e0 la situation, elle est confuse. Le pays est en \u00e9tat de choc. Ceux qui arrivent de Bordeaux y ont vu des vagues de r\u00e9fugi\u00e9s venir s&rsquo;y \u00e9chouer en dernier recours. La capacit\u00e9 de logement de la capitale girondine est plus que d\u00e9pass\u00e9e. Les r\u00e9fugi\u00e9s y cherchent du pain, de l&rsquo;eau, un toit.<br \/>Les parlementaires ramen\u00e9s \u00e0 Vichy se retrouvent, comme le dit Blum, coinc\u00e9s entre les forces allemandes \u00e0 Moulins et fran\u00e7aises \u00e0 Clermont-Ferrand. <\/p>\n\n\n\n<h2 class=\"wp-block-heading\">LE LIMOUSIN DANS TOUT \u00c7A ?<\/h2>\n\n\n\n<div data-amp-lightbox=\"true\" class=\"wp-block-image is-style-default\"><figure class=\"alignright size-large is-resized\"><img data-recalc-dims=\"1\" decoding=\"async\" src=\"https:\/\/i0.wp.com\/maitron.fr\/local\/cache-vignettes\/L475xH550\/ROCHE_Leon_Haute-Vienne_socialiste_29-06-1895_-0487d.jpg?resize=356%2C413&#038;ssl=1\" alt=\"\" width=\"356\" height=\"413\"\/><figcaption>L\u00e9on ROCHE, d\u00e9put\u00e9 SFIO de la Haute-Vienne, vote contre les pleins pouvoirs.<\/figcaption><\/figure><\/div>\n\n\n\n<p class=\"has-medium-font-size wp-block-paragraph\">Le \u00ab\u00a0Limousin\u00a0\u00bb &#8211; il n&rsquo;existe pas administrativement &#8211; compte douze d\u00e9put\u00e9s et six s\u00e9nateurs pr\u00e9sents \u00e0 Vichy le 10 juillet. <br \/>Un d\u00e9put\u00e9 creusois est prisonnier de guerre. <br \/>Un d\u00e9put\u00e9 creusois et un haut-viennois sont absents sans raison connue. <br \/>Un s\u00e9nateur s&rsquo;abstient, Henri Queuille pour la Corr\u00e8ze. Apr\u00e8s un temps de repli, il rejoint De Gaulle \u00e0 Londres, sur invitation de celui-ci, en 1943.<br \/>Tous les \u00e9lus creusois, trois d\u00e9put\u00e9s et deux s\u00e9nateurs, votent les pleins pouvoir. Un s\u00e9nateur et trois d\u00e9put\u00e9s les imitent  pour la Corr\u00e8ze. Cinq font de m\u00eame pour la Haute-Vienne, dont L\u00e9on Betoulle, s\u00e9nateur maire de Limoges.<br \/>Trois \u00e9lus seulement s&rsquo;opposent aux pleins pouvoirs : le s\u00e9nateur radical-socialiste Fran\u00e7ois Labrousse et le d\u00e9put\u00e9 radical Jean-Alexis Jaubert pour la Corr\u00e8ze, le d\u00e9put\u00e9 SFIO L\u00e9on Roche (aucun lien) pour la Haute-Vienne. Labroousse et Roche, tous deux surveill\u00e9s, s&rsquo;engagent tous deux dans la clandestinit\u00e9 : Roche \u00e0 la r\u00e9activation clandestine de la SFIO, Labrousse devra prendre le maquis  \u00e0 un age avanc\u00e9 pour \u00e9chapper aux recherches. <br \/>Pour rappel, les \u00e9lus communistes ne sont plus en fonction, comme le d\u00e9put\u00e9 de l&rsquo;arrondisement d&rsquo;Ussel, en Corr\u00e8ze, Marius Vazeilles, qui est en d\u00e9tention.<\/p>\n\n\n\n<div class=\"wp-block-group\"><div class=\"wp-block-group__inner-container is-layout-flow wp-block-group-is-layout-flow\">\n<div class=\"wp-block-group has-white-background-color has-background has-small-padding\"><div class=\"wp-block-group__inner-container is-layout-flow wp-block-group-is-layout-flow\">\n<div class=\"wp-block-columns is-layout-flex wp-container-core-columns-is-layout-8f761849 wp-block-columns-is-layout-flex\">\n<div class=\"wp-block-column is-vertically-aligned-center is-layout-flow wp-block-column-is-layout-flow\">\n<div class=\"wp-block-buttons is-content-justification-center is-layout-flex wp-container-core-buttons-is-layout-fe48e5de wp-block-buttons-is-layout-flex\">\n<div class=\"wp-block-button has-custom-width wp-block-button__width-50\"><a class=\"wp-block-button__link has-white-color has-vivid-red-background-color has-text-color has-background\" href=\"https:\/\/unpassetrespresent.com\/2020\/02\/28\/le-nez-dans-le-guidon\/\" style=\"border-radius:7px\" target=\"_blank\" rel=\"noreferrer noopener\">2 minutes pour 3 questions ?<\/a><\/div>\n<\/div>\n<\/div>\n<\/div>\n\n\n\n<div class=\"wp-block-columns is-layout-flex wp-container-core-columns-is-layout-8f761849 wp-block-columns-is-layout-flex\">\n<div class=\"wp-block-column is-layout-flow wp-block-column-is-layout-flow\">\n<p class=\"has-text-align-left has-black-color has-light-blue-background-color has-text-color has-background wp-block-paragraph\" style=\"font-size:24px\"><em><strong>Pour soutenir le projet Un pass\u00e9 tr\u00e8s pr\u00e9sent, il y a plusieurs fa\u00e7ons que j&rsquo;ai d\u00e9taill\u00e9es <a href=\"https:\/\/unpassetrespresent.com\/contribuez-au-projet\/\" target=\"_blank\" rel=\"noreferrer noopener\">ICI<\/a>.<\/strong><\/em><br \/><em>N&rsquo;oubliez pas de vous abonner et de fouiller dans le petit bloc ci-dessous pour mettre un petit <strong>\u00ab\u00a0J&rsquo;aime\u00a0\u00bb<\/strong> et un petit partage. <\/em><br \/><em><strong><span class=\"uppercase\">Merci !<\/span><\/strong><\/em><\/p>\n\n\n\n<div class=\"wp-block-group\"><div class=\"wp-block-group__inner-container is-layout-flow wp-block-group-is-layout-flow\">\n\n<\/div><\/div>\n<\/div>\n<\/div>\n<\/div><\/div>\n<\/div><\/div>\n","protected":false},"excerpt":{"rendered":"<p>Non&#8230; D&rsquo;accord, je vais faire un effort. LA CHAMBRE DES D\u00c9PUT\u00c9S N&rsquo;EST PAS L&rsquo;ASSEMBL\u00c9E NATIONALE La IIIe R\u00e9publique, comme les deux qui la suivent, est bicam\u00e9rale. La chambre des d\u00e9put\u00e9s, \u00e9lue au suffrage direct (pas universel, dans la mesure o\u00f9 les femmes n&rsquo;ont pas le droit de vote), c&rsquo;est celle o\u00f9, aux l\u00e9gislatives d&rsquo;avril mai &#8230; <a title=\"LE FRONT POPULAIRE A-T-IL VOT\u00c9 LES PLEINS POUVOIRS ?\" class=\"read-more\" href=\"https:\/\/unpassetrespresent.com\/fr_fr\/le-front-populaire-a-til-vote-les-pleins-pouvoirs\/\" aria-label=\"En savoir plus sur LE FRONT POPULAIRE A-T-IL VOT\u00c9 LES PLEINS POUVOIRS ?\">Lire la suite<\/a><\/p>\n","protected":false},"author":31877977,"featured_media":0,"comment_status":"open","ping_status":"open","sticky":false,"template":"","format":"standard","meta":{"_wpcom_ai_launchpad_first_post":false,"footnotes":"","jetpack_publicize_message":"LE FRONT POPULAIRE A T'IL VOT\u00c9 LES PLEINS POUVOIRS ?\nDisons que c'est une fa\u00e7on biais\u00e9e de dire les choses.","jetpack_publicize_feature_enabled":true,"jetpack_social_post_already_shared":true,"jetpack_social_options":{"image_generator_settings":{"template":"highway","default_image_id":0,"font":"","enabled":false},"version":2},"_wpas_customize_per_network":false,"jetpack_post_was_ever_published":false},"categories":[27785,8099,1001],"tags":[778139,701536610,179880,701536608,701536611],"class_list":["post-2517","post","type-post","status-publish","format-standard","hentry","category-histoire","category-region","category-politique","tag-deuxieme-guerre-mondiale","tag-lieux-et-dates","tag-memoire","tag-politique","tag-xxe-siecle"],"jetpack_publicize_connections":[],"jetpack_likes_enabled":true,"jetpack_shortlink":"https:\/\/wp.me\/paCHR7-EB","jetpack-related-posts":[{"id":4140,"url":"https:\/\/unpassetrespresent.com\/fr_fr\/les-pleins-pouvoirs-et-la-gauche\/","url_meta":{"origin":2517,"position":0},"title":"LES PLEINS POUVOIRS ET LA GAUCHE","author":"Martial Roche","date":"31 mai 2021","format":false,"excerpt":"Le Front Populaire et les pleins pouvoirs \u00e0 P\u00e9tain, une rumeur persistante plusieurs fois d\u00e9mont\u00e9e. Mais il faut apparemment r\u00e9p\u00e9ter.","rel":"","context":"Dans &quot;Politique&quot;","block_context":{"text":"Politique","link":"https:\/\/unpassetrespresent.com\/fr_fr\/category\/politique\/"},"img":{"alt_text":"","src":"https:\/\/i0.wp.com\/unpassetrespresent.com\/wp-content\/uploads\/2021\/05\/Cover-Pleins-Pouvoirs.webp?resize=350%2C200&ssl=1","width":350,"height":200,"srcset":"https:\/\/i0.wp.com\/unpassetrespresent.com\/wp-content\/uploads\/2021\/05\/Cover-Pleins-Pouvoirs.webp?resize=350%2C200&ssl=1 1x, https:\/\/i0.wp.com\/unpassetrespresent.com\/wp-content\/uploads\/2021\/05\/Cover-Pleins-Pouvoirs.webp?resize=525%2C300&ssl=1 1.5x, https:\/\/i0.wp.com\/unpassetrespresent.com\/wp-content\/uploads\/2021\/05\/Cover-Pleins-Pouvoirs.webp?resize=700%2C400&ssl=1 2x"},"classes":[]},{"id":1122,"url":"https:\/\/unpassetrespresent.com\/fr_fr\/politique-memorielle-presidents\/","url_meta":{"origin":2517,"position":1},"title":"IN MEMORIAM&#8230; PRAESENTEM","author":"Martial Roche","date":"27 septembre 2019","format":false,"excerpt":"De la rivalit\u00e9 Chirac-Mitterrand au discours du Vel d'Hiv, d\u00e9couvrez comment la politique m\u00e9morielle sert le pouvoir. Analyse des comm\u00e9morations sous la Ve R\u00e9publique.","rel":"","context":"Dans &quot;Histoire&quot;","block_context":{"text":"Histoire","link":"https:\/\/unpassetrespresent.com\/fr_fr\/category\/histoire\/"},"img":{"alt_text":"","src":"","width":0,"height":0},"classes":[]},{"id":195,"url":"https:\/\/unpassetrespresent.com\/fr_fr\/des-memoires-de-la-resistance\/","url_meta":{"origin":2517,"position":2},"title":"\u00ab\u00a0DES M\u00c9MOIRES DE LA R\u00c9SISTANCE\u00a0\u00bb","author":"Martial Roche","date":"2 avril 2019","format":false,"excerpt":"https:\/\/youtu.be\/S1Wc2Wk_Xm0 Est-ce que la R\u00e9sistance a \u00e9t\u00e9 si pr\u00e9gnante qu'on le croit dans la France de la fin et de l'apr\u00e8s-guerre ? La r\u00e9ponse est certainement beaucoup plus subtile qu'on le pense. Laurent Douzou, professeur d'Histoire \u00e0 Sciences Po Lyon, sp\u00e9cialiste de la R\u00e9sistance, met ces choses au clair. Quant\u2026","rel":"","context":"Dans &quot;Histoire&quot;","block_context":{"text":"Histoire","link":"https:\/\/unpassetrespresent.com\/fr_fr\/category\/histoire\/"},"img":{"alt_text":"","src":"https:\/\/i0.wp.com\/img.youtube.com\/vi\/S1Wc2Wk_Xm0\/0.jpg?resize=350%2C200","width":350,"height":200},"classes":[]},{"id":214,"url":"https:\/\/unpassetrespresent.com\/fr_fr\/la-memoire-est-un-fait-social\/","url_meta":{"origin":2517,"position":3},"title":"LA M\u00c9MOIRE EST UN FAIT SOCIAL","author":"Martial Roche","date":"15 avril 2019","format":false,"excerpt":"Le ph\u00e9nom\u00e8ne m\u00e9moriel a tr\u00e8s t\u00f4t suscit\u00e9 l'int\u00e9r\u00eat des sciences sociales. Maurice Halbwachs publie en 1925 Les Cadres sociaux de la m\u00e9moire. Il y d\u00e9ploie un concept largement popularis\u00e9 depuis, au point qu'on emploie l'expression sans en conna\u00eetre l'origine : la m\u00e9moire collective. Comme elle est, d'une part, l'objet de\u2026","rel":"","context":"Dans &quot;Histoire&quot;","block_context":{"text":"Histoire","link":"https:\/\/unpassetrespresent.com\/fr_fr\/category\/histoire\/"},"img":{"alt_text":"","src":"https:\/\/i0.wp.com\/img.youtube.com\/vi\/IIvCvC8_sq0\/0.jpg?resize=350%2C200","width":350,"height":200},"classes":[]},{"id":1438,"url":"https:\/\/unpassetrespresent.com\/fr_fr\/videoclub\/","url_meta":{"origin":2517,"position":4},"title":"VID\u00c9O CLUB","author":"Martial Roche","date":"29 janvier 2019","format":"gallery","excerpt":"LE PROJET O\u00f9 va le projet Un pass\u00e9 tr\u00e8s pr\u00e9sent ? C'est ce que je vous explique ici. https:\/\/youtu.be\/JL2MYFTrbbEhttps:\/\/youtu.be\/4feSMzqnSNE GUINGOUIN, L'HOMME ET SA L\u00c9GENDE Un personnage historique, qui, par sa destin\u00e9e extraordinaire, est devenu plus que lui-m\u00eame. https:\/\/youtu.be\/EoPue7RJxOIhttps:\/\/youtu.be\/zl1Jlg41J9Uhttps:\/\/youtu.be\/APbzjFrDSA4https:\/\/youtu.be\/MckJFxbLC7Q HISTOIRE ET M\u00c9MOIRE DE LA R\u00c9SISTANCE La R\u00e9sistance, un cas tr\u00e8s particulier\u2026","rel":"","context":"Dans &quot;Courrier des lecteurs&quot;","block_context":{"text":"Courrier des lecteurs","link":"https:\/\/unpassetrespresent.com\/fr_fr\/category\/courrier-des-lecteurs\/"},"img":{"alt_text":"","src":"https:\/\/i0.wp.com\/img.youtube.com\/vi\/JL2MYFTrbbEhttps\/0.jpg?resize=350%2C200","width":350,"height":200},"classes":[]},{"id":4413,"url":"https:\/\/unpassetrespresent.com\/fr_fr\/passer-le-flambeau\/","url_meta":{"origin":2517,"position":5},"title":"PASSER LE FLAMBEAU","author":"Martial Roche","date":"14 juillet 2021","format":false,"excerpt":"R\u00e9digeant la note d'intention d'une action en coll\u00e8ge r\u00e9cemment, j'ai \u00e9t\u00e9 travers\u00e9 d'une pens\u00e9e. Les derniers des mohicans L'an pass\u00e9, la France a donn\u00e9 des obs\u00e8ques nationales \u00e0 Daniel Cordier, sous les yeux d'Hubert Germain. L'ancien d\u00e9put\u00e9 et ministre aujourd'hui centenaire est d\u00e9sormais le dernier survivant de l'ordre de la\u2026","rel":"","context":"Dans &quot;M\u00e9moire et soci\u00e9t\u00e9&quot;","block_context":{"text":"M\u00e9moire et soci\u00e9t\u00e9","link":"https:\/\/unpassetrespresent.com\/fr_fr\/category\/memoire-et-societe\/"},"img":{"alt_text":"","src":"","width":0,"height":0},"classes":[]}],"jetpack_featured_media_url":"","_links":{"self":[{"href":"https:\/\/unpassetrespresent.com\/fr_fr\/wp-json\/wp\/v2\/posts\/2517","targetHints":{"allow":["GET"]}}],"collection":[{"href":"https:\/\/unpassetrespresent.com\/fr_fr\/wp-json\/wp\/v2\/posts"}],"about":[{"href":"https:\/\/unpassetrespresent.com\/fr_fr\/wp-json\/wp\/v2\/types\/post"}],"author":[{"embeddable":true,"href":"https:\/\/unpassetrespresent.com\/fr_fr\/wp-json\/wp\/v2\/users\/31877977"}],"replies":[{"embeddable":true,"href":"https:\/\/unpassetrespresent.com\/fr_fr\/wp-json\/wp\/v2\/comments?post=2517"}],"version-history":[{"count":16,"href":"https:\/\/unpassetrespresent.com\/fr_fr\/wp-json\/wp\/v2\/posts\/2517\/revisions"}],"predecessor-version":[{"id":9193,"href":"https:\/\/unpassetrespresent.com\/fr_fr\/wp-json\/wp\/v2\/posts\/2517\/revisions\/9193"}],"wp:attachment":[{"href":"https:\/\/unpassetrespresent.com\/fr_fr\/wp-json\/wp\/v2\/media?parent=2517"}],"wp:term":[{"taxonomy":"category","embeddable":true,"href":"https:\/\/unpassetrespresent.com\/fr_fr\/wp-json\/wp\/v2\/categories?post=2517"},{"taxonomy":"post_tag","embeddable":true,"href":"https:\/\/unpassetrespresent.com\/fr_fr\/wp-json\/wp\/v2\/tags?post=2517"}],"curies":[{"name":"wp","href":"https:\/\/api.w.org\/{rel}","templated":true}]}}