{"id":2827,"date":"2020-09-16T10:15:00","date_gmt":"2020-09-16T08:15:00","guid":{"rendered":"https:\/\/unpassetrespresent.com\/?p=2827"},"modified":"2021-06-25T15:29:41","modified_gmt":"2021-06-25T13:29:41","slug":"le-plus-jeune-resistant-de-france","status":"publish","type":"post","link":"https:\/\/unpassetrespresent.com\/fr_fr\/le-plus-jeune-resistant-de-france\/","title":{"rendered":"\u00ab\u00a0LE PLUS JEUNE R\u00c9SISTANT DE FRANCE\u00a0\u00bb"},"content":{"rendered":"\n<p class=\"has-text-align-justify has-medium-font-size wp-block-paragraph\">C&rsquo;est une d\u00e9cision assez rare qui se trouve reprise dans bon nombre de journaux depuis son annonce dimanche. <br \/>La commune d&rsquo;Aixe-Sur-Vienne a d\u00e9cid\u00e9, le 11 novembre prochain, d&rsquo;inscrire le nom de Marcel Pinte au monument aux morts de la commune. <\/p>\n\n\n\n<h2 class=\"wp-block-heading\">Un enfant de troupe du maquis<\/h2>\n\n\n\n<p class=\"has-text-align-justify has-medium-font-size wp-block-paragraph\">Marcel Pinte est un des enfants d&rsquo;Eug\u00e8ne Pinte, officier de carri\u00e8re de l&rsquo;arm\u00e9e d&rsquo;armistice, \u00ab\u00a0commandant Athos\u00a0\u00bb pour l&rsquo;ORA et le BCRA. Le 19 ao\u00fbt 1944, des combats sont en cours dans les communes qui entourent l&rsquo;agglom\u00e9ration de Limoges. Londres envoie des armes sur le terrain de parachutage de la Gaubertie, \u00e0 Aixe-sur-Vienne. Au cours de la r\u00e9ception, une mitraillette britannique Sten tire accidentellement. <br \/>Un accident fr\u00e9quent avec cette arme parfois qualifi\u00e9e de \u00ab\u00a0pompe \u00e0 v\u00e9lo tirant du 9mm\u00a0\u00bb.<br \/>Marcel Pinte meurt \u00e0 l&rsquo;age de 6 ans. Sa tombe porte la mention \u00ab\u00a0les myosotis sont mes fleurs pr\u00e9f\u00e9r\u00e9es\u00a0\u00bb. C&rsquo;est le code annon\u00e7ant le parachutage.<br \/>L&rsquo;hommage rendu aujourd&rsquo;hui est int\u00e9ressant \u00e0 plusieurs titres.<\/p>\n\n\n\n<h2 class=\"wp-block-heading\">\u00c0 jamais les premiers&#8230;<\/h2>\n\n\n\n<p class=\"has-text-align-justify has-medium-font-size wp-block-paragraph\">Il y a quelque chose de curieux dans ce titre repris \u00e0 plusieurs endroits de \u00ab\u00a0plus jeune r\u00e9sistant de France\u00a0\u00bb. <br \/>La formule a de quoi plaire : simple, incisive, performative. C&rsquo;est entre autre sous cette forme qu&rsquo;elle est reprise dans plusieurs titres de presse.<br \/>Il y a pourtant une grande part de sens apport\u00e9 post\u00e9rieurement dans l&rsquo;histoire du \u00ab\u00a0Sergent\u00a0\u00bb Marcel Pinte. <br \/>\u00c0 6 ans, l&rsquo;enfant n&rsquo;a pas choisi de participer \u00e0 l&rsquo;action maquisarde et n&rsquo;a pas non plus d\u00e9cid\u00e9 du sacrifice de sa vie, comme pourrait le laisser supposer la figure h\u00e9ro\u00efque que nous en faisons. <br \/>N\u00e9anmoins, il est dans un cadre familial o\u00f9, enfant, il voit que participer \u00e0 ces actions est int\u00e9gr\u00e9 dans les rep\u00e8res de la famille. Ce qui signifie que ses parents, fr\u00e8res et s\u0153urs, consid\u00e8rent sa pr\u00e9sence au sein de cette action comme relevant d&rsquo;une normalit\u00e9.<\/p>\n\n\n\n<h2 class=\"wp-block-heading\">Quelle est la place des enfants ?<\/h2>\n\n\n\n<p class=\"has-text-align-justify has-medium-font-size wp-block-paragraph\">Certains parents membres de r\u00e9seaux cachent des tracts dans le landau de leur nourrisson, ce qui tient autant de la ruse de guerre &#8211; un enfant suscite naturellement moins la m\u00e9fiance chez tout un chacun sauf dot\u00e9 d&rsquo;un c\u0153ur de pierre &#8211; que de la n\u00e9cessit\u00e9 faisant loi : face \u00e0 une telle adversit\u00e9, la domination nazie sur l&rsquo;Europe, m\u00eame la mise en danger de sa famille est une donn\u00e9e du probl\u00e8me \u00e0 envisager au temps de l&rsquo;action.<br \/>Philippe de Hautecloque devient Leclerc (un nom original pour un Fran\u00e7ais) pour prot\u00e9ger sa famille rest\u00e9e en territoire occup\u00e9. On peut songer \u00e0 Guingouin \u00e9crivant \u00e0 sa future \u00e9pouse qu&rsquo;il lui rend sa libert\u00e9 avant d&rsquo;entrer en clandestinit\u00e9. Certains compagnons de ce dernier le cachant dans leur ferme \u00e0 l&rsquo;insu de leur famille. Chacune de ces occasions f\u00fbt certainement un dilemme pour celui ou celle qui devait en d\u00e9cider : o\u00f9 y a t&rsquo;il moins de danger ? O\u00f9 se s\u00e9parent l&rsquo;altruisme et l\u2019\u00e9go\u00efsme ? <br \/>L&rsquo;\u00e9poque \u00e9tait si extr\u00eame qu&rsquo;elle remettait en balance y compris les cadres sociaux et familiaux. <br \/><\/p>\n\n\n\n<p class=\"has-text-align-justify has-black-color has-cyan-bluish-gray-background-color has-text-color has-background has-medium-font-size wp-block-paragraph\">Dans l&rsquo;Arm\u00e9e des Ombres de Kessel et dans l&rsquo;adaptation de Melville : Jean-Fran\u00e7ois (Jean-Pierre Cassel) prend son fr\u00e8re pour un intellectuel coup\u00e9 du monde r\u00e9el. En r\u00e9alit\u00e9 il ignore de bout en bout que c&rsquo;est le chef de son r\u00e9seau. Il lui a, par prudence, cach\u00e9 des informations qu&rsquo;il connaissait pourtant d\u00e9j\u00e0.<\/p>\n\n\n\n<p class=\"has-text-align-justify has-medium-font-size wp-block-paragraph\">Quant \u00e0 la question de l&rsquo;exposition au danger de la famille, elle reste aussi relative. Pour Eug\u00e8ne Pinte, il \u00e9tait sans doute plus s\u00fbr d&rsquo;\u00eatre pr\u00e9sent \u00e0 la maison, sous une couverture d&rsquo;officier. S&rsquo;absenter pour assurer lui-m\u00eame la liaison, c&rsquo;\u00e9tait au contraire risquer d&rsquo;\u00e9veiller les soup\u00e7ons. <br \/>Toujours est-il que le petit \u00ab\u00a0Quinquin\u00a0\u00bb, Marcel Pinte, est enterr\u00e9 en maquisard, officieusement dans un premier temps.<\/p>\n\n\n\n<h2 class=\"wp-block-heading\">\u00ab\u00a0Mort pour la France\u00a0\u00bb<\/h2>\n\n\n\n<p class=\"has-text-align-justify has-black-color has-text-color has-medium-font-size wp-block-paragraph\">C&rsquo;est le deuxi\u00e8me aspect tr\u00e8s int\u00e9ressant de cette histoire. Marcel Pinte est issu d&rsquo;une famille de tradition militaire. Le maquis que dirige son p\u00e8re est de forte culture militaire. Aussi est-ce en fr\u00e8re d&rsquo;arme et non en enfant victime de la guerre que Marcel Pinte est inhum\u00e9.<mark class=\"annotation-text annotation-text-yoast\" id=\"annotation-text-0ae4ef18-1db3-4a67-9b6a-6a6b421b3353\"><\/mark><br \/><br \/>Puis du temps passe. Eug\u00e8ne, le p\u00e8re de Marcel, ne survit que quelques ann\u00e9es \u00e0 la guerre, affaibli par la maladie. Peut-\u00eatre aussi par cette perte.<br \/>Les anciens compagnons de maquis engagent des proc\u00e9dures qui n&rsquo;aboutissent pas \u00e0 faire accorder \u00e0 l&rsquo;enfant la mention \u00ab\u00a0Mort pour la France\u00a0\u00bb. Cr\u00e9\u00e9e en 1915, la mention port\u00e9e \u00e0 l&rsquo;\u00e9tat civil du d\u00e9funt apporte un certain nombre de droits \u00e0 ses proches. En l&rsquo;occurrence, rien qui ne puisse concerner un si jeune d\u00e9funt. On est bien l\u00e0 dans le domaine du symbolique.<\/p>\n\n\n\n<h2 class=\"wp-block-heading\">Le sens du deuil<\/h2>\n\n\n\n<p class=\"has-text-align-justify has-black-color has-text-color has-medium-font-size wp-block-paragraph\">Le flambeau est repris par l&rsquo;arri\u00e8re petit-fils d&rsquo;Eug\u00e8ne Pinte, Alexandre Bremaud. <br \/>C&rsquo;est lui qui obtient qu&rsquo;une rue d&rsquo;Aixe-Sur-Vienne porte le nom d&rsquo;Eug\u00e8ne. <br \/>C&rsquo;est aussi lui qui fait aboutir la demande de mention MPF donnant lieu \u00e0 l&rsquo;inscription au monument aux morts. Alexandre Bremaud, outre la m\u00e9moire familiale, c&rsquo;est un peu de la culture militaire qui l&rsquo;anime.<a href=\"https:\/\/www.service-public.fr\/particuliers\/vosdroits\/F1189\" target=\"_blank\" rel=\"noreferrer noopener\"><span style=\"text-decoration: underline;\"><\/span><\/a><br \/>Il y a donc tout un rituel de deuil familial derri\u00e8re ces hommages rendus \u00e0 l&rsquo;enfant Marcel. <br \/>Sa tombe porte le code de l&rsquo;op\u00e9ration fatale. C&rsquo;est un peu comme la tradition des unit\u00e9s militaires. Le drapeau et les insignes portent la devise et les faits d&rsquo;arme. <br \/>Les d\u00e9marches sont fa\u00eetes pour l&rsquo;inscription sur les registres et sur le monument aux morts. <br \/>La mort brutale d&rsquo;un si jeune enfant est forc\u00e9ment une d\u00e9chirure, quelque soit l&rsquo;ob\u00e9dience de la famille endeuill\u00e9e. Les proches de Marcel Pinte y ont r\u00e9pondu selon leurs rep\u00e8res culturels pour donner du sens \u00e0 leur chagrin. Une famille d&rsquo;ouvriers ou de paysans communistes aurait eu une autre interpr\u00e9tation de ce deuil, peut-\u00eatre une \u00e9vocation de Bara et Viala. <br \/>Pour cette famille de tradition militaire, ce qui fait sens, c&rsquo;est qu&rsquo;il soit mort pour la France. <br \/>Ceci leur appartient.<\/p>\n\n\n\n<figure class=\"wp-block-embed is-type-video is-provider-youtube wp-block-embed-youtube wp-embed-aspect-16-9 wp-has-aspect-ratio\"><div class=\"wp-block-embed__wrapper\">\n<iframe title=\"&quot;QUE LE TEMPS PASSE&quot;\" width=\"1200\" height=\"675\" src=\"https:\/\/www.youtube.com\/embed\/HUDOs_IPrI4?feature=oembed\" frameborder=\"0\" allow=\"accelerometer; autoplay; clipboard-write; encrypted-media; gyroscope; picture-in-picture; web-share\" referrerpolicy=\"strict-origin-when-cross-origin\" allowfullscreen><\/iframe>\n<\/div><\/figure>\n\n\n\n<div class=\"wp-block-group\"><div class=\"wp-block-group__inner-container is-layout-flow wp-block-group-is-layout-flow\">\n<div class=\"wp-block-group has-white-background-color has-background has-small-padding\"><div class=\"wp-block-group__inner-container is-layout-flow wp-block-group-is-layout-flow\">\n<div class=\"wp-block-columns is-layout-flex wp-container-core-columns-is-layout-8f761849 wp-block-columns-is-layout-flex\">\n<div class=\"wp-block-column is-vertically-aligned-center is-layout-flow wp-block-column-is-layout-flow\">\n<div class=\"wp-block-buttons is-content-justification-center is-layout-flex wp-container-core-buttons-is-layout-fe48e5de wp-block-buttons-is-layout-flex\">\n<div class=\"wp-block-button has-custom-width wp-block-button__width-50\"><a class=\"wp-block-button__link has-white-color has-vivid-red-background-color has-text-color has-background\" href=\"https:\/\/unpassetrespresent.com\/2020\/02\/28\/le-nez-dans-le-guidon\/\" style=\"border-radius:7px\" target=\"_blank\" rel=\"noreferrer noopener\">2 minutes pour 3 questions ?<\/a><\/div>\n<\/div>\n<\/div>\n<\/div>\n\n\n\n<div class=\"wp-block-columns is-layout-flex wp-container-core-columns-is-layout-8f761849 wp-block-columns-is-layout-flex\">\n<div class=\"wp-block-column is-layout-flow wp-block-column-is-layout-flow\">\n<p class=\"has-text-align-left has-black-color has-light-blue-background-color has-text-color has-background wp-block-paragraph\" style=\"font-size:24px\"><em><strong>Pour soutenir le projet Un pass\u00e9 tr\u00e8s pr\u00e9sent, il y a plusieurs fa\u00e7ons que j&rsquo;ai d\u00e9taill\u00e9es <a href=\"https:\/\/unpassetrespresent.com\/contribuez-au-projet\/\" target=\"_blank\" rel=\"noreferrer noopener\">ICI<\/a>.<\/strong><\/em><br \/><em>N&rsquo;oubliez pas de vous abonner et de fouiller dans le petit bloc ci-dessous pour mettre un petit <strong>\u00ab\u00a0J&rsquo;aime\u00a0\u00bb<\/strong> et un petit partage. <\/em><br \/><em><strong><span class=\"uppercase\">Merci !<\/span><\/strong><\/em><\/p>\n\n\n\n<div class=\"wp-block-group\"><div class=\"wp-block-group__inner-container is-layout-flow wp-block-group-is-layout-flow\">\n\n<\/div><\/div>\n<\/div>\n<\/div>\n<\/div><\/div>\n<\/div><\/div>\n","protected":false},"excerpt":{"rendered":"<p>C&rsquo;est une d\u00e9cision assez rare qui se trouve reprise dans bon nombre de journaux depuis son annonce dimanche. La commune d&rsquo;Aixe-Sur-Vienne a d\u00e9cid\u00e9, le 11 novembre prochain, d&rsquo;inscrire le nom de Marcel Pinte au monument aux morts de la commune. Un enfant de troupe du maquis Marcel Pinte est un des enfants d&rsquo;Eug\u00e8ne Pinte, officier &#8230; <a title=\"\u00ab\u00a0LE PLUS JEUNE R\u00c9SISTANT DE FRANCE\u00a0\u00bb\" class=\"read-more\" href=\"https:\/\/unpassetrespresent.com\/fr_fr\/le-plus-jeune-resistant-de-france\/\" aria-label=\"En savoir plus sur \u00ab\u00a0LE PLUS JEUNE R\u00c9SISTANT DE FRANCE\u00a0\u00bb\">Lire la suite<\/a><\/p>\n","protected":false},"author":31877977,"featured_media":0,"comment_status":"open","ping_status":"open","sticky":false,"template":"","format":"standard","meta":{"_wpcom_ai_launchpad_first_post":false,"footnotes":"","jetpack_publicize_message":"{title}\n\n{excerpt}\n\n{url}","jetpack_publicize_feature_enabled":true,"jetpack_social_post_already_shared":true,"jetpack_social_options":{"image_generator_settings":{"template":"highway","default_image_id":0,"font":"","enabled":false},"version":2},"_wpas_customize_per_network":false,"jetpack_post_was_ever_published":false},"categories":[27785,8099,685626844],"tags":[778139,723229,179880],"class_list":["post-2827","post","type-post","status-publish","format-standard","hentry","category-histoire","category-region","category-musees-lieux-de-memoire","tag-deuxieme-guerre-mondiale","tag-limousin","tag-memoire"],"jetpack_publicize_connections":[],"jetpack_likes_enabled":true,"jetpack_shortlink":"https:\/\/wp.me\/paCHR7-JB","jetpack-related-posts":[{"id":192,"url":"https:\/\/unpassetrespresent.com\/fr_fr\/il-fallait-que-le-temps-passe\/","url_meta":{"origin":2827,"position":0},"title":"\u00ab\u00a0IL FALLAIT QUE LE TEMPS PASSE\u00a0\u00bb","author":"Martial Roche","date":"2 avril 2019","format":false,"excerpt":"https:\/\/youtu.be\/HUDOs_IPrI4 Alexandre Bremaud a travaill\u00e9 sur les maquis du Commandant Eug\u00e8ne Pinte. On touche \u00e0 travers l'exemple d'Eug\u00e8ne Pinte un autre profil de r\u00e9sistant, celui du militaire de carri\u00e8re. Apr\u00e8s l'armistice de juin 1940, Eug\u00e8ne Pinte reste militaire d'active dans l'Arm\u00e9e d'Armistice de la zone sud, dite zone non-occup\u00e9e, o\u00f9\u2026","rel":"","context":"Dans &quot;Histoire&quot;","block_context":{"text":"Histoire","link":"https:\/\/unpassetrespresent.com\/fr_fr\/category\/histoire\/"},"img":{"alt_text":"","src":"https:\/\/i0.wp.com\/img.youtube.com\/vi\/HUDOs_IPrI4\/0.jpg?resize=350%2C200","width":350,"height":200},"classes":[]},{"id":122,"url":"https:\/\/unpassetrespresent.com\/fr_fr\/10-ans-que-cela-passe-vite-10-ans\/","url_meta":{"origin":2827,"position":1},"title":"10 ANS, QUE CELA PASSE VITE 10 ANS&#8230;","author":"Martial Roche","date":"1 mars 2019","format":false,"excerpt":"Ce mois-ci, ce tag aura 10 ans, comme l'affaire de Tarnac qui les a f\u00eat\u00e9 en novembre. Le temps passe...Pour cette feuille d'information non p\u00e9riodique, j'annonce une interview de Michel Patinaud sur ce tag dans les jours \u00e0 venir ainsi qu'une interview d'Alexandre Bremaud sur son arri\u00e8re grand p\u00e8re, le\u2026","rel":"","context":"Dans &quot;M\u00e9moire et soci\u00e9t\u00e9&quot;","block_context":{"text":"M\u00e9moire et soci\u00e9t\u00e9","link":"https:\/\/unpassetrespresent.com\/fr_fr\/category\/memoire-et-societe\/"},"img":{"alt_text":"Au printemps 2009, au cours de l'affaire de Tarnac, sur un hangar de la gare d'Eymoutiers, un tag fait le parall\u00e8le entre Julien Coupat, principale figure du groupe d'inculp\u00e9s de l'affaire, et Georges Guingouin. Il se trouve que c'est dans ces lieux que Guingouin a men\u00e9 sa premi\u00e8re op\u00e9ration de sabotage d'envergure en dynamitant une botteleuse destin\u00e9e \u00e0 la r\u00e9quisition du foin.","src":"https:\/\/i0.wp.com\/unpassetrespresent.com\/wp-content\/uploads\/2019\/03\/tag-eymoutiers-10-ans-grande.webp?resize=350%2C200&ssl=1","width":350,"height":200,"srcset":"https:\/\/i0.wp.com\/unpassetrespresent.com\/wp-content\/uploads\/2019\/03\/tag-eymoutiers-10-ans-grande.webp?resize=350%2C200&ssl=1 1x, https:\/\/i0.wp.com\/unpassetrespresent.com\/wp-content\/uploads\/2019\/03\/tag-eymoutiers-10-ans-grande.webp?resize=525%2C300&ssl=1 1.5x, https:\/\/i0.wp.com\/unpassetrespresent.com\/wp-content\/uploads\/2019\/03\/tag-eymoutiers-10-ans-grande.webp?resize=700%2C400&ssl=1 2x, https:\/\/i0.wp.com\/unpassetrespresent.com\/wp-content\/uploads\/2019\/03\/tag-eymoutiers-10-ans-grande.webp?resize=1050%2C600&ssl=1 3x"},"classes":[]},{"id":613,"url":"https:\/\/unpassetrespresent.com\/fr_fr\/culture-populaire-et-memoire-hors-serie-nota-bene-au-mont-gargan\/","url_meta":{"origin":2827,"position":2},"title":"CULTURE POPULAIRE ET M\u00c9MOIRE (HORS-S\u00c9RIE) : NOTA BENE AU MONT GARGAN","author":"Martial Roche","date":"27 ao\u00fbt 2019","format":false,"excerpt":"J'avais annonc\u00e9 que le prochain passage par la culture populaire rendrait visite \u00e0 Mister Kit, mais Youtube est pass\u00e9 par l\u00e0. (NdlA : Oui, d'ailleurs, Mister Kit attend toujours...) Benjamin Brillaud, alias Nota Bene, est un des youtubers parlant d'Histoire avec le plus de succ\u00e8s sur la plateforme vid\u00e9os de\u2026","rel":"","context":"Dans &quot;Histoire&quot;","block_context":{"text":"Histoire","link":"https:\/\/unpassetrespresent.com\/fr_fr\/category\/histoire\/"},"img":{"alt_text":"","src":"https:\/\/i0.wp.com\/img.youtube.com\/vi\/g0M-QP8EK8g\/0.jpg?resize=350%2C200","width":350,"height":200},"classes":[]},{"id":2257,"url":"https:\/\/unpassetrespresent.com\/fr_fr\/chant-des-internes-saint-paul\/","url_meta":{"origin":2827,"position":3},"title":"\u00ab\u00a0CHANTONS LA LIB\u00c9RATION\u00a0\u00bb : le chant des intern\u00e9s de Saint Paul exhum\u00e9","author":"Martial Roche","date":"21 juin 2020","format":false,"excerpt":"Pour la f\u00eate de la musique, c'est une chanson de chorale que je vous propose de partager.aLes 15 et 16 juin 2019, la commune de Saint Paul d'Eyjeaux, en Haute-Vienne, organisait une f\u00eate de la fraternit\u00e9. Un \u00e9v\u00e8nement qui tournait autour notamment de la m\u00e9moire du camp d'internement se tenant\u2026","rel":"","context":"Dans &quot;Limousin&quot;","block_context":{"text":"Limousin","link":"https:\/\/unpassetrespresent.com\/fr_fr\/category\/region\/"},"img":{"alt_text":"","src":"","width":0,"height":0},"classes":[]},{"id":229,"url":"https:\/\/unpassetrespresent.com\/fr_fr\/guingouin-honni-des-socialistes\/","url_meta":{"origin":2827,"position":4},"title":"GUINGOUIN, HONNI DES SOCIALISTES","author":"Martial Roche","date":"29 avril 2019","format":false,"excerpt":"https:\/\/youtu.be\/BNOFVSWPPzA Robert Savy a pr\u00e9sid\u00e9 la r\u00e9gion Limousin pendant 18 ans. Professeur de Droit Public, socialiste, celui qui f\u00fbt \u00e9galement d\u00e9put\u00e9 de la Haute-Vienne a gard\u00e9 un \u0153il tr\u00e8s ind\u00e9pendant sur les destin\u00e9es de sa r\u00e9gion, sa vie politique et l'activit\u00e9 locale et nationale de son parti.Si la SFIO a\u2026","rel":"","context":"Dans &quot;Histoire&quot;","block_context":{"text":"Histoire","link":"https:\/\/unpassetrespresent.com\/fr_fr\/category\/histoire\/"},"img":{"alt_text":"","src":"https:\/\/i0.wp.com\/img.youtube.com\/vi\/BNOFVSWPPzA\/0.jpg?resize=350%2C200","width":350,"height":200},"classes":[]},{"id":11525,"url":"https:\/\/unpassetrespresent.com\/fr_fr\/bourganeuf-19-juin-1940-conference-greminger\/","url_meta":{"origin":2827,"position":5},"title":"Bourganeuf, 19 juin 1940 : M\u00e9moire du bombardement avec Marie-Fran\u00e7oise Greminger","author":"Martial Roche","date":"16 janvier 2026","format":false,"excerpt":"On pourrait penser le Limousin tr\u00e8s \u00e9loign\u00e9 des r\u00e9alit\u00e9s de la bataille de France de mai-juin 1940, mais il n'en est rien. Le bombardement de Bourganeuf du 19 juin 1940 rappelle avec force que la Creuse fut elle aussi au c\u0153ur de la tourmente. Je vous invite \u00e0 d\u00e9couvrir mon\u2026","rel":"","context":"Dans &quot;Histoire&quot;","block_context":{"text":"Histoire","link":"https:\/\/unpassetrespresent.com\/fr_fr\/category\/histoire\/"},"img":{"alt_text":"Carte militaire de l'Europe de l'Ouest en 1940 montrant les lignes de front, la d\u00e9fense de la Loire et les directions des attaques allemandes vers le centre et le sud de la France.","src":"https:\/\/i0.wp.com\/unpassetrespresent.com\/wp-content\/uploads\/2026\/01\/13June-25June_Battle_of_France-1.webp?resize=350%2C200&ssl=1","width":350,"height":200,"srcset":"https:\/\/i0.wp.com\/unpassetrespresent.com\/wp-content\/uploads\/2026\/01\/13June-25June_Battle_of_France-1.webp?resize=350%2C200&ssl=1 1x, https:\/\/i0.wp.com\/unpassetrespresent.com\/wp-content\/uploads\/2026\/01\/13June-25June_Battle_of_France-1.webp?resize=525%2C300&ssl=1 1.5x, https:\/\/i0.wp.com\/unpassetrespresent.com\/wp-content\/uploads\/2026\/01\/13June-25June_Battle_of_France-1.webp?resize=700%2C400&ssl=1 2x"},"classes":[]}],"jetpack_featured_media_url":"","_links":{"self":[{"href":"https:\/\/unpassetrespresent.com\/fr_fr\/wp-json\/wp\/v2\/posts\/2827","targetHints":{"allow":["GET"]}}],"collection":[{"href":"https:\/\/unpassetrespresent.com\/fr_fr\/wp-json\/wp\/v2\/posts"}],"about":[{"href":"https:\/\/unpassetrespresent.com\/fr_fr\/wp-json\/wp\/v2\/types\/post"}],"author":[{"embeddable":true,"href":"https:\/\/unpassetrespresent.com\/fr_fr\/wp-json\/wp\/v2\/users\/31877977"}],"replies":[{"embeddable":true,"href":"https:\/\/unpassetrespresent.com\/fr_fr\/wp-json\/wp\/v2\/comments?post=2827"}],"version-history":[{"count":9,"href":"https:\/\/unpassetrespresent.com\/fr_fr\/wp-json\/wp\/v2\/posts\/2827\/revisions"}],"predecessor-version":[{"id":3180,"href":"https:\/\/unpassetrespresent.com\/fr_fr\/wp-json\/wp\/v2\/posts\/2827\/revisions\/3180"}],"wp:attachment":[{"href":"https:\/\/unpassetrespresent.com\/fr_fr\/wp-json\/wp\/v2\/media?parent=2827"}],"wp:term":[{"taxonomy":"category","embeddable":true,"href":"https:\/\/unpassetrespresent.com\/fr_fr\/wp-json\/wp\/v2\/categories?post=2827"},{"taxonomy":"post_tag","embeddable":true,"href":"https:\/\/unpassetrespresent.com\/fr_fr\/wp-json\/wp\/v2\/tags?post=2827"}],"curies":[{"name":"wp","href":"https:\/\/api.w.org\/{rel}","templated":true}]}}