{"id":3356,"date":"2020-11-24T18:30:00","date_gmt":"2020-11-24T17:30:00","guid":{"rendered":"https:\/\/unpassetrespresent.com\/?p=3356"},"modified":"2021-06-25T15:27:18","modified_gmt":"2021-06-25T13:27:18","slug":"lavant-dernier","status":"publish","type":"post","link":"https:\/\/unpassetrespresent.com\/fr_fr\/lavant-dernier\/","title":{"rendered":"L&rsquo;AVANT DERNIER"},"content":{"rendered":"\n<p class=\"has-text-align-justify has-medium-font-size wp-block-paragraph\">Daniel Cordier, secr\u00e9taire de Jean Moulin, est d\u00e9c\u00e9d\u00e9 vendredi 20 novembre. Il \u00e9tait l&rsquo;avant dernier compagnon de la lib\u00e9ration vivant. Un homme au parcours singulier, devenu secr\u00e9taire de Jean Moulin, homme du front populaire, lui qui \u00e9tait jusqu&rsquo;en 1940, militant d\u2019extr\u00eame droite de l&rsquo;Action Fran\u00e7aise. <\/p>\n\n\n\n<p class=\"has-text-align-justify has-medium-font-size wp-block-paragraph\">En 2011, il avait accord\u00e9 de longs entretiens \u00e0 Fran\u00e7ois Busnel, pour France Inter. Il y revient sur son parcours, qu&rsquo;il avait par ailleurs racont\u00e9 dans son livre Alias Caracalla, paru en 2009.<\/p>\n\n\n<p><iframe src=\"https:\/\/www.franceinter.fr\/embed\/player\/aod\/7805ffeb-7349-45fc-aaaa-6bdf7039fe20\" width=\"100%\" height=\"100%\" layout=\"responsive\" frameborder=\"0\" scrolling=\"no\"><\/iframe><\/p>\n\n\n\n<p class=\"has-text-align-justify has-medium-font-size wp-block-paragraph\">Un hommage lui sera rendu aux Invalides jeudi 26 novembre \u00e0 15h30.<\/p>\n\n\n\n<figure class=\"wp-block-embed is-type-rich is-provider-twitter wp-block-embed-twitter\"><div class=\"wp-block-embed__wrapper\">\n<blockquote class=\"twitter-tweet\" data-width=\"550\" data-dnt=\"true\"><p lang=\"fr\" dir=\"ltr\">Jeudi 26 novembre \u00e0 15h30 aux Invalides | C\u00e9r\u00e9monie d&#39;hommage \u00e0 Daniel Cordier, chancelier d&#39;honneur de l&#39;Ordre de la Lib\u00e9ration, pr\u00e9sid\u00e9e par Emmanuel Macron. Suivez la c\u00e9r\u00e9monie en direct sur <a href=\"https:\/\/twitter.com\/France2tv?ref_src=twsrc%5Etfw\" target=\"_blank\" rel=\"noopener\">@France2tv<\/a> avec Vladimir Trouplin, invit\u00e9 sur le plateau. <a href=\"https:\/\/t.co\/7b2QzUSznv\">pic.twitter.com\/7b2QzUSznv<\/a><\/p>&mdash; Ordre de la Lib\u00e9ration &#8211; Invalides (@O2LaLiberation) <a href=\"https:\/\/twitter.com\/O2LaLiberation\/status\/1330861865585545219?ref_src=twsrc%5Etfw\" target=\"_blank\" rel=\"noopener\">November 23, 2020<\/a><\/blockquote><script async src=\"https:\/\/platform.twitter.com\/widgets.js\" charset=\"utf-8\"><\/script>\n<\/div><\/figure>\n\n\n\n<div class=\"wp-block-group\"><div class=\"wp-block-group__inner-container is-layout-flow wp-block-group-is-layout-flow\">\n<div class=\"wp-block-group has-white-background-color has-background has-small-padding\"><div class=\"wp-block-group__inner-container is-layout-flow wp-block-group-is-layout-flow\">\n<div class=\"wp-block-columns is-layout-flex wp-container-core-columns-is-layout-8f761849 wp-block-columns-is-layout-flex\">\n<div class=\"wp-block-column is-vertically-aligned-center is-layout-flow wp-block-column-is-layout-flow\">\n<div class=\"wp-block-buttons is-content-justification-center is-layout-flex wp-container-core-buttons-is-layout-fe48e5de wp-block-buttons-is-layout-flex\">\n<div class=\"wp-block-button has-custom-width wp-block-button__width-50\"><a class=\"wp-block-button__link has-white-color has-vivid-red-background-color has-text-color has-background\" href=\"https:\/\/unpassetrespresent.com\/2020\/02\/28\/le-nez-dans-le-guidon\/\" style=\"border-radius:7px\" target=\"_blank\" rel=\"noreferrer noopener\">2 minutes pour 3 questions ?<\/a><\/div>\n<\/div>\n<\/div>\n<\/div>\n\n\n\n<div class=\"wp-block-columns is-layout-flex wp-container-core-columns-is-layout-8f761849 wp-block-columns-is-layout-flex\">\n<div class=\"wp-block-column is-layout-flow wp-block-column-is-layout-flow\">\n<p class=\"has-text-align-left has-black-color has-light-blue-background-color has-text-color has-background wp-block-paragraph\" style=\"font-size:24px\"><em><strong>Pour soutenir le projet Un pass\u00e9 tr\u00e8s pr\u00e9sent, il y a plusieurs fa\u00e7ons que j&rsquo;ai d\u00e9taill\u00e9es <a href=\"https:\/\/unpassetrespresent.com\/contribuez-au-projet\/\" target=\"_blank\" rel=\"noreferrer noopener\">ICI<\/a>.<\/strong><\/em><br \/><em>N&rsquo;oubliez pas de vous abonner et de fouiller dans le petit bloc ci-dessous pour mettre un petit <strong>\u00ab\u00a0J&rsquo;aime\u00a0\u00bb<\/strong> et un petit partage. <\/em><br \/><em><strong><span class=\"uppercase\">Merci !<\/span><\/strong><\/em><\/p>\n\n\n\n<div class=\"wp-block-group\"><div class=\"wp-block-group__inner-container is-layout-flow wp-block-group-is-layout-flow\">\n\n<\/div><\/div>\n<\/div>\n<\/div>\n<\/div><\/div>\n<\/div><\/div>\n","protected":false},"excerpt":{"rendered":"<p>Daniel Cordier, secr\u00e9taire de Jean Moulin, est d\u00e9c\u00e9d\u00e9 vendredi 20 novembre. Il \u00e9tait l&rsquo;avant dernier compagnon de la lib\u00e9ration vivant. Un homme au parcours singulier, devenu secr\u00e9taire de Jean Moulin, homme du front populaire, lui qui \u00e9tait jusqu&rsquo;en 1940, militant d\u2019extr\u00eame droite de l&rsquo;Action Fran\u00e7aise. En 2011, il avait accord\u00e9 de longs entretiens \u00e0 Fran\u00e7ois &#8230; <a title=\"L&rsquo;AVANT DERNIER\" class=\"read-more\" href=\"https:\/\/unpassetrespresent.com\/fr_fr\/lavant-dernier\/\" aria-label=\"En savoir plus sur L&rsquo;AVANT DERNIER\">Lire la suite<\/a><\/p>\n","protected":false},"author":31877977,"featured_media":0,"comment_status":"open","ping_status":"open","sticky":false,"template":"","format":"standard","meta":{"_wpcom_ai_launchpad_first_post":false,"footnotes":"","jetpack_publicize_message":"L'AVANT DERNIER\nDaniel Cordier, secr\u00e9taire de Jean Moulin, est d\u00e9c\u00e9d\u00e9 vendredi 20 novembre. En 2011, il avait accord\u00e9 de longs entretiens \u00e0 France Inter.","jetpack_publicize_feature_enabled":true,"jetpack_social_post_already_shared":true,"jetpack_social_options":{"image_generator_settings":{"template":"highway","default_image_id":0,"font":"","enabled":false},"version":2},"_wpas_customize_per_network":false,"jetpack_post_was_ever_published":false},"categories":[27785,701536491,1001,8737],"tags":[179880],"class_list":["post-3356","post","type-post","status-publish","format-standard","hentry","category-histoire","category-memoire-et-societe","category-politique","category-pop-culture","tag-memoire"],"jetpack_publicize_connections":[],"jetpack_likes_enabled":true,"jetpack_shortlink":"https:\/\/wp.me\/paCHR7-S8","jetpack-related-posts":[{"id":627,"url":"https:\/\/unpassetrespresent.com\/fr_fr\/dessous-les-paves-lorage\/","url_meta":{"origin":3356,"position":0},"title":"DESSOUS LES PAV\u00c9S&#8230; L&rsquo;ORAGE","author":"Martial Roche","date":"27 ao\u00fbt 2019","format":false,"excerpt":"Lors du vernissage presse du nouveau Mus\u00e9e de la Lib\u00e9ration de Paris - Mus\u00e9e du G\u00e9n\u00e9ral Leclerc - Mus\u00e9e Jean Moulin, sa directrice, Mme Sylvie ZAIDMAN a r\u00e9pondu \u00e0 mes questions. Nous sommes revenus sur la gen\u00e8se du mus\u00e9e mais aussi ses choix d'am\u00e9nagement. H\u00e9ritier de deux mus\u00e9es existants consacr\u00e9s\u2026","rel":"","context":"Dans &quot;Histoire&quot;","block_context":{"text":"Histoire","link":"https:\/\/unpassetrespresent.com\/fr_fr\/category\/histoire\/"},"img":{"alt_text":"","src":"https:\/\/i0.wp.com\/unpassetrespresent.com\/wp-content\/uploads\/2019\/08\/musecc81eliberation_220819_001.webp?resize=350%2C200","width":350,"height":200,"srcset":"https:\/\/i0.wp.com\/unpassetrespresent.com\/wp-content\/uploads\/2019\/08\/musecc81eliberation_220819_001.webp?resize=350%2C200 1x, https:\/\/i0.wp.com\/unpassetrespresent.com\/wp-content\/uploads\/2019\/08\/musecc81eliberation_220819_001.webp?resize=525%2C300 1.5x, https:\/\/i0.wp.com\/unpassetrespresent.com\/wp-content\/uploads\/2019\/08\/musecc81eliberation_220819_001.webp?resize=700%2C400 2x, https:\/\/i0.wp.com\/unpassetrespresent.com\/wp-content\/uploads\/2019\/08\/musecc81eliberation_220819_001.webp?resize=1050%2C600 3x, https:\/\/i0.wp.com\/unpassetrespresent.com\/wp-content\/uploads\/2019\/08\/musecc81eliberation_220819_001.webp?resize=1400%2C800 4x"},"classes":[]},{"id":1850,"url":"https:\/\/unpassetrespresent.com\/fr_fr\/entre-ici\/","url_meta":{"origin":3356,"position":1},"title":"\u00ab\u00a0ENTRE ICI&#8230;\u00a0\u00bb","author":"Martial Roche","date":"4 mars 2020","format":false,"excerpt":"Le discours d'Andr\u00e9 Malraux accompagnant l'entr\u00e9e au Panth\u00e9on des cendres de Jean Moulin, tout le monde connait. Vraiment ? Un petit test ? Sans tricher, hein ? De toute fa\u00e7on, rien \u00e0 gagner. C'est pour vous tester un peu. R\u00e9pondez de m\u00e9moire. Je v\u00e9rifie Allez, vous avez bien m\u00e9rit\u00e9 le\u2026","rel":"","context":"Dans &quot;Histoire&quot;","block_context":{"text":"Histoire","link":"https:\/\/unpassetrespresent.com\/fr_fr\/category\/histoire\/"},"img":{"alt_text":"","src":"https:\/\/i0.wp.com\/img.youtube.com\/vi\/vZbeMLga6gA\/0.jpg?resize=350%2C200","width":350,"height":200},"classes":[]},{"id":229,"url":"https:\/\/unpassetrespresent.com\/fr_fr\/guingouin-honni-des-socialistes\/","url_meta":{"origin":3356,"position":2},"title":"GUINGOUIN, HONNI DES SOCIALISTES","author":"Martial Roche","date":"29 avril 2019","format":false,"excerpt":"https:\/\/youtu.be\/BNOFVSWPPzA Robert Savy a pr\u00e9sid\u00e9 la r\u00e9gion Limousin pendant 18 ans. Professeur de Droit Public, socialiste, celui qui f\u00fbt \u00e9galement d\u00e9put\u00e9 de la Haute-Vienne a gard\u00e9 un \u0153il tr\u00e8s ind\u00e9pendant sur les destin\u00e9es de sa r\u00e9gion, sa vie politique et l'activit\u00e9 locale et nationale de son parti.Si la SFIO a\u2026","rel":"","context":"Dans &quot;Histoire&quot;","block_context":{"text":"Histoire","link":"https:\/\/unpassetrespresent.com\/fr_fr\/category\/histoire\/"},"img":{"alt_text":"","src":"https:\/\/i0.wp.com\/img.youtube.com\/vi\/BNOFVSWPPzA\/0.jpg?resize=350%2C200","width":350,"height":200},"classes":[]},{"id":1951,"url":"https:\/\/unpassetrespresent.com\/fr_fr\/memoire-societe-territoire-guingouin-de-juin-40-aux-gilets-jaunes\/","url_meta":{"origin":3356,"position":3},"title":"M\u00c9MOIRE, SOCI\u00c9T\u00c9 ET TERRITOIRE : GUINGOUIN, DE JUIN 40 AUX GILETS JAUNES ?","author":"Martial Roche","date":"12 mars 2020","format":false,"excerpt":"https:\/\/youtu.be\/JL2MYFTrbbE Il y a 3 ans, je me suis pench\u00e9, avec l'id\u00e9e d'en faire un film, sur une figure la R\u00e9sistance que je connaissais assez bien\u00a0: Georges Guingouin.R\u00e9sistant depuis le 18 juin 1940, compagnon de la Lib\u00e9ration, je ne comprenais pas qu'il n'ait pas eu sa place au panth\u00e9on de\u2026","rel":"","context":"Dans &quot;Courrier des lecteurs&quot;","block_context":{"text":"Courrier des lecteurs","link":"https:\/\/unpassetrespresent.com\/fr_fr\/category\/courrier-des-lecteurs\/"},"img":{"alt_text":"","src":"https:\/\/i0.wp.com\/img.youtube.com\/vi\/JL2MYFTrbbE\/0.jpg?resize=350%2C200","width":350,"height":200},"classes":[]},{"id":2257,"url":"https:\/\/unpassetrespresent.com\/fr_fr\/chant-des-internes-saint-paul\/","url_meta":{"origin":3356,"position":4},"title":"\u00ab\u00a0CHANTONS LA LIB\u00c9RATION\u00a0\u00bb : le chant des intern\u00e9s de Saint Paul exhum\u00e9","author":"Martial Roche","date":"21 juin 2020","format":false,"excerpt":"Pour la f\u00eate de la musique, c'est une chanson de chorale que je vous propose de partager.aLes 15 et 16 juin 2019, la commune de Saint Paul d'Eyjeaux, en Haute-Vienne, organisait une f\u00eate de la fraternit\u00e9. Un \u00e9v\u00e8nement qui tournait autour notamment de la m\u00e9moire du camp d'internement se tenant\u2026","rel":"","context":"Dans &quot;Limousin&quot;","block_context":{"text":"Limousin","link":"https:\/\/unpassetrespresent.com\/fr_fr\/category\/region\/"},"img":{"alt_text":"","src":"","width":0,"height":0},"classes":[]},{"id":4946,"url":"https:\/\/unpassetrespresent.com\/fr_fr\/dernier-compagnon-de-la-liberation\/","url_meta":{"origin":3356,"position":5},"title":"M\u00c9MOIRE DE LA SECONDE GUERRE MONDIALE : ET APR\u00c8S LE DERNIER COMPAGNON DE LA LIB\u00c9RATION ?","author":"Martial Roche","date":"10 novembre 2021","format":false,"excerpt":"D\u00e9couvrez comment les obs\u00e8ques du dernier Compagnon de la Lib\u00e9ration le 11 novembre 2021 ont relanc\u00e9 le d\u00e9bat sur la m\u00e9moire de la Seconde Guerre Mondiale et les futures obs\u00e8ques nationales. Analyse de la figure du Poilu face aux multiples visages des t\u00e9moins de 1945.","rel":"","context":"Dans &quot;Histoire&quot;","block_context":{"text":"Histoire","link":"https:\/\/unpassetrespresent.com\/fr_fr\/category\/histoire\/"},"img":{"alt_text":"Obs\u00e8ques dernier Compagnon Lib\u00e9ration 11 novembre 2021","src":"https:\/\/i0.wp.com\/unpassetrespresent.com\/wp-content\/uploads\/2021\/11\/Capture-decran-2025-07-14-a-15.31.23-1024x1007.png?resize=350%2C200&ssl=1","width":350,"height":200,"srcset":"https:\/\/i0.wp.com\/unpassetrespresent.com\/wp-content\/uploads\/2021\/11\/Capture-decran-2025-07-14-a-15.31.23-1024x1007.png?resize=350%2C200&ssl=1 1x, https:\/\/i0.wp.com\/unpassetrespresent.com\/wp-content\/uploads\/2021\/11\/Capture-decran-2025-07-14-a-15.31.23-1024x1007.png?resize=525%2C300&ssl=1 1.5x, https:\/\/i0.wp.com\/unpassetrespresent.com\/wp-content\/uploads\/2021\/11\/Capture-decran-2025-07-14-a-15.31.23-1024x1007.png?resize=700%2C400&ssl=1 2x"},"classes":[]}],"jetpack_featured_media_url":"","_links":{"self":[{"href":"https:\/\/unpassetrespresent.com\/fr_fr\/wp-json\/wp\/v2\/posts\/3356","targetHints":{"allow":["GET"]}}],"collection":[{"href":"https:\/\/unpassetrespresent.com\/fr_fr\/wp-json\/wp\/v2\/posts"}],"about":[{"href":"https:\/\/unpassetrespresent.com\/fr_fr\/wp-json\/wp\/v2\/types\/post"}],"author":[{"embeddable":true,"href":"https:\/\/unpassetrespresent.com\/fr_fr\/wp-json\/wp\/v2\/users\/31877977"}],"replies":[{"embeddable":true,"href":"https:\/\/unpassetrespresent.com\/fr_fr\/wp-json\/wp\/v2\/comments?post=3356"}],"version-history":[{"count":6,"href":"https:\/\/unpassetrespresent.com\/fr_fr\/wp-json\/wp\/v2\/posts\/3356\/revisions"}],"predecessor-version":[{"id":3363,"href":"https:\/\/unpassetrespresent.com\/fr_fr\/wp-json\/wp\/v2\/posts\/3356\/revisions\/3363"}],"wp:attachment":[{"href":"https:\/\/unpassetrespresent.com\/fr_fr\/wp-json\/wp\/v2\/media?parent=3356"}],"wp:term":[{"taxonomy":"category","embeddable":true,"href":"https:\/\/unpassetrespresent.com\/fr_fr\/wp-json\/wp\/v2\/categories?post=3356"},{"taxonomy":"post_tag","embeddable":true,"href":"https:\/\/unpassetrespresent.com\/fr_fr\/wp-json\/wp\/v2\/tags?post=3356"}],"curies":[{"name":"wp","href":"https:\/\/api.w.org\/{rel}","templated":true}]}}