{"id":5054,"date":"2021-12-03T18:15:00","date_gmt":"2021-12-03T17:15:00","guid":{"rendered":"https:\/\/unpassetrespresent.com\/?p=5054"},"modified":"2026-01-23T11:40:26","modified_gmt":"2026-01-23T10:40:26","slug":"tipeeefini","status":"publish","type":"post","link":"https:\/\/unpassetrespresent.com\/fr_fr\/tipeeefini\/","title":{"rendered":"TIPEEE, C&rsquo;EST FINI. Ou question sur une \u00e9thique de financement."},"content":{"rendered":"\r\n<div class=\"wp-block-image\">\r\n<figure class=\"aligncenter size-full\"><img data-recalc-dims=\"1\" fetchpriority=\"high\" decoding=\"async\" width=\"888\" height=\"332\" class=\"wp-image-5056\" src=\"https:\/\/i0.wp.com\/unpassetrespresent.com\/wp-content\/uploads\/2021\/12\/Capture-de%CC%81cran-2021-12-03-a%CC%80-12.09.40.webp?resize=888%2C332&#038;ssl=1\" alt=\"\" srcset=\"https:\/\/i0.wp.com\/unpassetrespresent.com\/wp-content\/uploads\/2021\/12\/Capture-de%CC%81cran-2021-12-03-a%CC%80-12.09.40.webp?w=888&amp;ssl=1 888w, https:\/\/i0.wp.com\/unpassetrespresent.com\/wp-content\/uploads\/2021\/12\/Capture-de%CC%81cran-2021-12-03-a%CC%80-12.09.40.webp?resize=300%2C112&amp;ssl=1 300w, https:\/\/i0.wp.com\/unpassetrespresent.com\/wp-content\/uploads\/2021\/12\/Capture-de%CC%81cran-2021-12-03-a%CC%80-12.09.40.webp?resize=150%2C56&amp;ssl=1 150w, https:\/\/i0.wp.com\/unpassetrespresent.com\/wp-content\/uploads\/2021\/12\/Capture-de%CC%81cran-2021-12-03-a%CC%80-12.09.40.webp?resize=768%2C287&amp;ssl=1 768w, https:\/\/i0.wp.com\/unpassetrespresent.com\/wp-content\/uploads\/2021\/12\/Capture-de%CC%81cran-2021-12-03-a%CC%80-12.09.40.webp?resize=18%2C7&amp;ssl=1 18w\" sizes=\"(max-width: 888px) 100vw, 888px\" \/>\r\n<figcaption>La page Tipeee de Un pass\u00e9 tr\u00e8s pr\u00e9sent est d\u00e9sormais ferm\u00e9e.<\/figcaption>\r\n<\/figure>\r\n<\/div>\r\n\r\n<p>&nbsp;<\/p>\r\n\r\n<p class=\"wp-block-paragraph\">C&rsquo;est une r\u00e9flexion que j&rsquo;avais en t\u00eate depuis un moment. J&rsquo;ai pris ma d\u00e9cision ce matin. La fermeture de ma page Tipeee me pousse \u00e0 r\u00e9fl\u00e9chir sur les implications \u00e9thiques du financement participatif. En effet, il est essentiel de se demander si nous sommes \u00e0 l&rsquo;aise avec les plateformes qui h\u00e9bergent des contenus douteux, et comment cela influence notre travail et notre communaut\u00e9.<\/p>\r\n\r\n<p>&nbsp;<\/p>\r\n\r\n<p class=\"wp-block-paragraph\">Les raisons qui me poussent \u00e0 quitter cette plateforme se r\u00e9sument globalement dans le malaise cr\u00e9\u00e9 par cette interview diffus\u00e9e au d\u00e9but du mois de septembre par Compl\u00e9ment d&rsquo;enqu\u00eate. La mani\u00e8re dont certaines plateformes g\u00e8rent la d\u00e9sinformation soul\u00e8ve de nombreuses questions. La pression de l&rsquo;audience et le d\u00e9sir de profit peuvent mener \u00e0 des choix discutables sur le contenu qui est soutenu et partag\u00e9.<\/p>\r\n\r\n<p>&nbsp;<\/p>\r\n\r\n<div class=\"wp-block-columns has-contrast-background-color has-background is-layout-flex wp-container-core-columns-is-layout-8f761849 wp-block-columns-is-layout-flex\">\r\n<div class=\"wp-block-column is-vertically-aligned-center is-layout-flow wp-block-column-is-layout-flow\" style=\"flex-basis: 100%\">  <\/div>\r\n<\/div>\r\n\r\n<p>&nbsp;<\/p>\r\n\r\n<p class=\"wp-block-paragraph\">Avant m\u00eame l&rsquo;\u00e9pisode Hold Up, j&rsquo;avais des doutes sur cette plateforme et un certain nombre des cr\u00e9ateurs h\u00e9berg\u00e9s. Des m\u00e9dias comme Thinkerview ou France Soir, qui jouent souvent sur les peurs et l&rsquo;incertitude, renforcent ces appr\u00e9hensions. La d\u00e9sinformation peut non seulement nuire \u00e0 la r\u00e9putation des cr\u00e9ateurs, mais aussi avoir des cons\u00e9quences r\u00e9elles sur la soci\u00e9t\u00e9.<\/p>\r\n\r\n<p>*<a href=\"https:\/\/www.lemonde.fr\/les-decodeurs\/article\/2020\/11\/12\/covid-19-les-contre-verites-de-hold-up-le-documentaire-a-succes-qui-pretend-devoiler-la-face-cachee-de-l-epidemie_6059526_4355770.html\" target=\"_blank\" rel=\"noopener\">Documentaire mensonger<\/a> pr\u00e9sentant la pand\u00e9mie de Covid 19 comme un complot. Pierre Barnerias, le r\u00e9alisateur, a r\u00e9ussi pour ce film une lev\u00e9e de fond en financement participatif de plus de 300 000 \u20ac.<\/p>\r\n\r\n<p class=\"wp-block-paragraph\">Je ne crois pas qu&rsquo;on puisse consid\u00e9rer que tol\u00e9rer voir cautionner les contenus complotistes ou x\u00e9nophobes soit le prix \u00e0 payer pour la libert\u00e9 de conscience ou d&rsquo;expression.<\/p>\r\n\r\n<p>&nbsp;<\/p>\r\n\r\n<p class=\"wp-block-paragraph\">D&rsquo;autant que des cr\u00e9ateurs eux aussi mal \u00e0 l&rsquo;aise avec la politique de la plateforme ont \u00e9t\u00e9 mis dehors par la direction pour avoir indiqu\u00e9 d&rsquo;autres moyens de les soutenir sur leur page.<\/p>\r\n\r\n<p>&nbsp;<\/p>\r\n\r\n<p class=\"wp-block-paragraph\">Pour certains cr\u00e9ateurs et cr\u00e9atrices, qui comptent notamment sur cette cagnotte mensuelle pour payer des personnes travaillant avec elles et eux, il y a une pression \u00e9conomique non n\u00e9gligeable \u00e0 disposer ou non de ce moyen de financement.<\/p>\r\n\r\n<p>&nbsp;<\/p>\r\n\r\n<p class=\"wp-block-paragraph\">Moi, ce tipeee m&rsquo;a rapport\u00e9 l&rsquo;\u00e9quivalent d&rsquo;un demi plein d&rsquo;essence par mois et je n&rsquo;ai \u00e0 me pr\u00e9occuper que de mes revenus personnels. J&rsquo;y parviens entre autres en travaillant aupr\u00e8s des coll\u00e9giens.<\/p>\r\n\r\n<p>&nbsp;<\/p>\r\n\r\n<p class=\"wp-block-paragraph\">Pas de quoi m&rsquo;offrir de probl\u00e8mes \u00e9thiques.<\/p>\r\n\r\n<p>&nbsp;<\/p>\r\n\r\n<p class=\"wp-block-paragraph\">Merci \u00e0 toutes les personnes m&rsquo;ayant apport\u00e9 leur aide, sur la plateforme Tipeee ou ailleurs.<\/p>\r\n\r\n<p>&nbsp;<\/p>\r\n\r\n<p class=\"wp-block-paragraph\">Celles et ceux qui souhaiteraient apporter une aide disposent d&rsquo;autres moyens que j&rsquo;indique ci-dessous.<\/p>\r\n\r\n<p>&nbsp;<\/p>\r\n<p>Merci \u00e0 toutes les personnes m&rsquo;ayant apport\u00e9 leur aide, sur la plateforme Tipeee ou ailleurs. Au-del\u00e0 du soutien mat\u00e9riel, c&rsquo;est la communaut\u00e9 qui m&rsquo;a encourag\u00e9 \u00e0 poursuivre mon travail. Je suis d\u00e9sormais d\u00e9termin\u00e9 \u00e0 chercher des alternatives qui respectent mes valeurs personnelles et professionnelles, tout en continuant \u00e0 partager des informations de qualit\u00e9.<\/p>\r\n<p>En fin de compte, quitter Tipeee n&rsquo;est pas seulement une d\u00e9cision personnelle, c&rsquo;est aussi un appel \u00e0 la r\u00e9flexion collective. Comment soutenons-nous les cr\u00e9ateurs ? Quels types de contenus m\u00e9ritent notre soutien ? La libert\u00e9 d&rsquo;expression est pr\u00e9cieuse, mais elle ne doit pas \u00eatre synonyme de soutien aux contenus nuisibles. J&rsquo;encourage chacun \u00e0 explorer d&rsquo;autres moyens de financement qui s&rsquo;alignent mieux avec leurs valeurs et leur \u00e9thique.<\/p>\r\n<p>De plus, il est important de se rappeler que le financement participatif, comme Tipeee, n&rsquo;est pas seulement une question de soutien financier, mais aussi une question de valeurs. Les cr\u00e9ateurs doivent s&rsquo;assurer que leur contenu ne contribue pas \u00e0 la propagation de fausses informations ou \u00e0 la stigmatisation de certaines communaut\u00e9s. De nombreux cr\u00e9ateurs choisissent d&rsquo;utiliser leur plateforme pour \u00e9duquer leur public sur des questions importantes, renfor\u00e7ant ainsi leur impact positif.<\/p>\r\n<p>Il est crucial de discuter de ces enjeux afin de mieux comprendre l&rsquo;impact de notre soutien financier sur le contenu que nous consommons. La communaut\u00e9 doit \u00eatre vigilante et critique \u00e0 l&rsquo;\u00e9gard des contenus qu&rsquo;elle soutient. En tant que consommateurs, nous avons la responsabilit\u00e9 de choisir judicieusement o\u00f9 nous investissons notre argent. Cela inclut la v\u00e9rification des faits et le soutien aux cr\u00e9ateurs qui promeuvent une information v\u00e9ridique et \u00e9thique.<\/p>\r\n","protected":false},"excerpt":{"rendered":"<p>&nbsp; C&rsquo;est une r\u00e9flexion que j&rsquo;avais en t\u00eate depuis un moment. J&rsquo;ai pris ma d\u00e9cision ce matin. La fermeture de ma page Tipeee me pousse \u00e0 r\u00e9fl\u00e9chir sur les implications \u00e9thiques du financement participatif. En effet, il est essentiel de se demander si nous sommes \u00e0 l&rsquo;aise avec les plateformes qui h\u00e9bergent des contenus douteux, &#8230; <a title=\"TIPEEE, C&rsquo;EST FINI. Ou question sur une \u00e9thique de financement.\" class=\"read-more\" href=\"https:\/\/unpassetrespresent.com\/fr_fr\/tipeeefini\/\" aria-label=\"En savoir plus sur TIPEEE, C&rsquo;EST FINI. Ou question sur une \u00e9thique de financement.\">Lire la suite<\/a><\/p>\n","protected":false},"author":31877977,"featured_media":0,"comment_status":"open","ping_status":"open","sticky":false,"template":"","format":"standard","meta":{"_wpcom_ai_launchpad_first_post":false,"footnotes":"","jetpack_publicize_message":"Quitter Tipeee, je peux me le permettre. Donc je le fais.","jetpack_publicize_feature_enabled":true,"jetpack_social_post_already_shared":true,"jetpack_social_options":{"image_generator_settings":{"template":"highway","default_image_id":0,"font":"","enabled":false},"version":2},"_wpas_customize_per_network":false,"jetpack_post_was_ever_published":false},"categories":[451608,8737],"tags":[701536609,701536614,701536619],"class_list":["post-5054","post","type-post","status-publish","format-standard","hentry","category-courrier-des-lecteurs","category-pop-culture","tag-culture","tag-projet","tag-soutien"],"jetpack_publicize_connections":[],"jetpack_likes_enabled":true,"jetpack_shortlink":"https:\/\/wp.me\/paCHR7-1jw","jetpack-related-posts":[{"id":1500,"url":"https:\/\/unpassetrespresent.com\/fr_fr\/entendre-chanter-les-anges\/","url_meta":{"origin":5054,"position":0},"title":"ENTENDRE CHANTER LES ANGES","author":"Martial Roche","date":"23 d\u00e9cembre 2019","format":false,"excerpt":"https:\/\/youtu.be\/hU91yb1x1rA En cette avant-veille de No\u00ebl, \u00e0 l'heure de pr\u00e9parer des moments entre proches, je souhaitais accompagner mes v\u0153ux pour les f\u00eates. Entre septembre 1939 et ao\u00fbt 1945, six no\u00ebls de guerre ont eu lieu. C'est par le jour de No\u00ebl 1941 que d\u00e9bute le film Un taxi pour Tobrouk.\u2026","rel":"","context":"Dans &quot;Histoire&quot;","block_context":{"text":"Histoire","link":"https:\/\/unpassetrespresent.com\/fr_fr\/category\/histoire\/"},"img":{"alt_text":"","src":"https:\/\/i0.wp.com\/img.youtube.com\/vi\/hU91yb1x1rA\/0.jpg?resize=350%2C200","width":350,"height":200},"classes":[]},{"id":342,"url":"https:\/\/unpassetrespresent.com\/fr_fr\/pecunia-nervus-belli-ciceron\/","url_meta":{"origin":5054,"position":1},"title":"\u00ab\u00a0PECUNIA NERVUS BELLI\u00a0\u00bb Cic\u00e9ron","author":"Martial Roche","date":"11 juillet 2019","format":false,"excerpt":"Le projet Un pass\u00e9 tr\u00e8s pr\u00e9sent aurait vraiment besoin d'un coup de pouce. Pour l'instant, il ne m'a rien rapport\u00e9. Il a surtout br\u00fbl\u00e9 dans les pistons de ma voiture, digne et sobre, mais vieillissante et sollicit\u00e9 mon mat\u00e9riel.","rel":"","context":"Dans &quot;Courrier des lecteurs&quot;","block_context":{"text":"Courrier des lecteurs","link":"https:\/\/unpassetrespresent.com\/fr_fr\/category\/courrier-des-lecteurs\/"},"img":{"alt_text":"\"On ne peut avoir d\u00e9fendu la R\u00e9publique contre C\u00e9sar et soutenir un projet documentaire. Mais vous... vous n'avez pas C\u00e9sar.\" \nCitation \u00e0 v\u00e9rifier.\nMarcus Tullius Cicero, d\u00e9fenseur de la R\u00e9publique Romaine cntre les men\u00e9es de Catilina et C\u00e9sar","src":"https:\/\/upload.wikimedia.org\/wikipedia\/commons\/9\/9a\/M-T-Cicero.jpg","width":350,"height":200},"classes":[]},{"id":78,"url":"https:\/\/unpassetrespresent.com\/fr_fr\/on-lappelle-evolution-permanente\/","url_meta":{"origin":5054,"position":2},"title":"ON L&rsquo;APPELLE \u00c9VOLUTION PERMANENTE","author":"Martial Roche","date":"6 f\u00e9vrier 2019","format":false,"excerpt":"Ch\u00e8res amies, chers amis, chers soutiens,ceux qui sont d\u00e9j\u00e0 pass\u00e9s par la page tipeee Un pass\u00e9 tr\u00e8s pr\u00e9sent auront not\u00e9 un ou deux changements. Notamment le titre.Il est vrai que je d\u00e9couvre encore le m\u00e9dia internet et ses millions de possibilit\u00e9s. Je me forme petit \u00e0 petit.Je me dois donc\u2026","rel":"","context":"Dans &quot;Courrier des lecteurs&quot;","block_context":{"text":"Courrier des lecteurs","link":"https:\/\/unpassetrespresent.com\/fr_fr\/category\/courrier-des-lecteurs\/"},"img":{"alt_text":"","src":"","width":0,"height":0},"classes":[]},{"id":11443,"url":"https:\/\/unpassetrespresent.com\/fr_fr\/ia-generative-memoire-holocauste-unesco\/","url_meta":{"origin":5054,"position":3},"title":"L&rsquo;IA g\u00e9n\u00e9rative et la m\u00e9moire de l&rsquo;Holocauste","author":"Martial Roche","date":"30 d\u00e9cembre 2025","format":false,"excerpt":"L\u2019IA g\u00e9n\u00e9rative menace-t-elle la m\u00e9moire de l\u2019Holocauste ? D\u00e9couvrez le rapport de l\u2019UNESCO sur les d\u00e9rives des algorithmes et les outils pour prot\u00e9ger l'histoire.","rel":"","context":"Dans &quot;Histoire&quot;","block_context":{"text":"Histoire","link":"https:\/\/unpassetrespresent.com\/fr_fr\/category\/histoire\/"},"img":{"alt_text":"Image de sensibilisation avec le texte \"Ne faites pas n'importe quoi avec l'IA\" sur fond d'archive historique, illustrant les enjeux de l'IA g\u00e9n\u00e9rative pour la m\u00e9moire de la Shoah.","src":"https:\/\/i0.wp.com\/unpassetrespresent.com\/wp-content\/uploads\/2025\/12\/NE-FAITES-PAS-Nimporte-quoi-avec-lIA-1-1024x1024.png?resize=350%2C200&ssl=1","width":350,"height":200,"srcset":"https:\/\/i0.wp.com\/unpassetrespresent.com\/wp-content\/uploads\/2025\/12\/NE-FAITES-PAS-Nimporte-quoi-avec-lIA-1-1024x1024.png?resize=350%2C200&ssl=1 1x, https:\/\/i0.wp.com\/unpassetrespresent.com\/wp-content\/uploads\/2025\/12\/NE-FAITES-PAS-Nimporte-quoi-avec-lIA-1-1024x1024.png?resize=525%2C300&ssl=1 1.5x, https:\/\/i0.wp.com\/unpassetrespresent.com\/wp-content\/uploads\/2025\/12\/NE-FAITES-PAS-Nimporte-quoi-avec-lIA-1-1024x1024.png?resize=700%2C400&ssl=1 2x"},"classes":[]},{"id":10819,"url":"https:\/\/unpassetrespresent.com\/fr_fr\/atelier-pass-culture-traces\/","url_meta":{"origin":5054,"position":4},"title":"Sur les traces&#8230; : un atelier Pass Culture pour les enseignant-e-s","author":"Martial Roche","date":"9 septembre 2025","format":false,"excerpt":"Atelier Pass Culture \"Sur les traces\". Un projet p\u00e9dagogique autour de la m\u00e9moire de la Seconde Guerre mondiale, du film documentaire et de l'esprit critique.","rel":"","context":"Dans &quot;Courrier des lecteurs&quot;","block_context":{"text":"Courrier des lecteurs","link":"https:\/\/unpassetrespresent.com\/fr_fr\/category\/courrier-des-lecteurs\/"},"img":{"alt_text":"Capture d'\u00e9cran de l'offre d'atelier Sur les traces : Film Documentaire, M\u00e9moire et Esprit Critique propos\u00e9 par Martial Roche sur le portail du Pass Culture.","src":"https:\/\/i0.wp.com\/unpassetrespresent.com\/wp-content\/uploads\/2025\/09\/Capture-decran-2025-08-20-a-18.05.36.webp?resize=350%2C200&ssl=1","width":350,"height":200,"srcset":"https:\/\/i0.wp.com\/unpassetrespresent.com\/wp-content\/uploads\/2025\/09\/Capture-decran-2025-08-20-a-18.05.36.webp?resize=350%2C200&ssl=1 1x, https:\/\/i0.wp.com\/unpassetrespresent.com\/wp-content\/uploads\/2025\/09\/Capture-decran-2025-08-20-a-18.05.36.webp?resize=525%2C300&ssl=1 1.5x, https:\/\/i0.wp.com\/unpassetrespresent.com\/wp-content\/uploads\/2025\/09\/Capture-decran-2025-08-20-a-18.05.36.webp?resize=700%2C400&ssl=1 2x, https:\/\/i0.wp.com\/unpassetrespresent.com\/wp-content\/uploads\/2025\/09\/Capture-decran-2025-08-20-a-18.05.36.webp?resize=1050%2C600&ssl=1 3x, https:\/\/i0.wp.com\/unpassetrespresent.com\/wp-content\/uploads\/2025\/09\/Capture-decran-2025-08-20-a-18.05.36.webp?resize=1400%2C800&ssl=1 4x"},"classes":[]},{"id":47,"url":"https:\/\/unpassetrespresent.com\/fr_fr\/cest-quoi-le-18-juin-1940\/","url_meta":{"origin":5054,"position":5},"title":"C&rsquo;EST QUOI LE 18 jUIN 1940 ?","author":"Martial Roche","date":"30 janvier 2019","format":false,"excerpt":"Charles de Gaulle lance l'appel aux Fran\u00e7ais \u00e0 la radio BBC \u00e0 Londres le 18 juin 1940. Ni le texte conserv\u00e9 ni la photo qui l'accompagne bien souvent ne datent du 18 juin 1940. Un article court que j'avais fait para\u00eetre sur ma page tipeee le 18 juin dernier pour\u2026","rel":"","context":"Dans &quot;Histoire&quot;","block_context":{"text":"Histoire","link":"https:\/\/unpassetrespresent.com\/fr_fr\/category\/histoire\/"},"img":{"alt_text":"","src":"https:\/\/i0.wp.com\/unpassetrespresent.com\/wp-content\/uploads\/2020\/11\/Charles_de_Gaulle_au_micro_de_la_BBC.webp?resize=350%2C200&ssl=1","width":350,"height":200,"srcset":"https:\/\/i0.wp.com\/unpassetrespresent.com\/wp-content\/uploads\/2020\/11\/Charles_de_Gaulle_au_micro_de_la_BBC.webp?resize=350%2C200&ssl=1 1x, https:\/\/i0.wp.com\/unpassetrespresent.com\/wp-content\/uploads\/2020\/11\/Charles_de_Gaulle_au_micro_de_la_BBC.webp?resize=525%2C300&ssl=1 1.5x, https:\/\/i0.wp.com\/unpassetrespresent.com\/wp-content\/uploads\/2020\/11\/Charles_de_Gaulle_au_micro_de_la_BBC.webp?resize=700%2C400&ssl=1 2x, https:\/\/i0.wp.com\/unpassetrespresent.com\/wp-content\/uploads\/2020\/11\/Charles_de_Gaulle_au_micro_de_la_BBC.webp?resize=1050%2C600&ssl=1 3x"},"classes":[]}],"jetpack_featured_media_url":"","_links":{"self":[{"href":"https:\/\/unpassetrespresent.com\/fr_fr\/wp-json\/wp\/v2\/posts\/5054","targetHints":{"allow":["GET"]}}],"collection":[{"href":"https:\/\/unpassetrespresent.com\/fr_fr\/wp-json\/wp\/v2\/posts"}],"about":[{"href":"https:\/\/unpassetrespresent.com\/fr_fr\/wp-json\/wp\/v2\/types\/post"}],"author":[{"embeddable":true,"href":"https:\/\/unpassetrespresent.com\/fr_fr\/wp-json\/wp\/v2\/users\/31877977"}],"replies":[{"embeddable":true,"href":"https:\/\/unpassetrespresent.com\/fr_fr\/wp-json\/wp\/v2\/comments?post=5054"}],"version-history":[{"count":12,"href":"https:\/\/unpassetrespresent.com\/fr_fr\/wp-json\/wp\/v2\/posts\/5054\/revisions"}],"predecessor-version":[{"id":11607,"href":"https:\/\/unpassetrespresent.com\/fr_fr\/wp-json\/wp\/v2\/posts\/5054\/revisions\/11607"}],"wp:attachment":[{"href":"https:\/\/unpassetrespresent.com\/fr_fr\/wp-json\/wp\/v2\/media?parent=5054"}],"wp:term":[{"taxonomy":"category","embeddable":true,"href":"https:\/\/unpassetrespresent.com\/fr_fr\/wp-json\/wp\/v2\/categories?post=5054"},{"taxonomy":"post_tag","embeddable":true,"href":"https:\/\/unpassetrespresent.com\/fr_fr\/wp-json\/wp\/v2\/tags?post=5054"}],"curies":[{"name":"wp","href":"https:\/\/api.w.org\/{rel}","templated":true}]}}