{"id":613,"date":"2019-08-27T14:14:16","date_gmt":"2019-08-27T12:14:16","guid":{"rendered":"http:\/\/unpassetrespresent.com\/?p=613"},"modified":"2022-06-08T13:34:44","modified_gmt":"2022-06-08T11:34:44","slug":"culture-populaire-et-memoire-hors-serie-nota-bene-au-mont-gargan","status":"publish","type":"post","link":"https:\/\/unpassetrespresent.com\/fr_fr\/culture-populaire-et-memoire-hors-serie-nota-bene-au-mont-gargan\/","title":{"rendered":"CULTURE POPULAIRE ET M\u00c9MOIRE (HORS-S\u00c9RIE) : NOTA BENE AU MONT GARGAN"},"content":{"rendered":"\n<p class=\"has-text-align-justify has-medium-font-size wp-block-paragraph\"><em>J&rsquo;avais annonc\u00e9 que le prochain passage par la culture populaire rendrait visite \u00e0 Mister Kit, mais Youtube est pass\u00e9 par l\u00e0.<\/em> (NdlA : Oui, d&rsquo;ailleurs, Mister Kit attend toujours&#8230;)<\/p>\n\n\n\n<p class=\"has-text-align-justify has-medium-font-size wp-block-paragraph\">Benjamin Brillaud, alias Nota Bene, est un des youtubers parlant d&rsquo;Histoire avec le plus de succ\u00e8s sur la plateforme vid\u00e9os de Google. Il a consacr\u00e9 sa derni\u00e8re vid\u00e9o \u00e0 la bataille du Mont Gargan.<\/p>\n\n\n\n<p class=\"has-text-align-justify has-medium-font-size wp-block-paragraph\">En juillet 1944, les Alli\u00e9s lancent l&rsquo;op\u00e9ration Cadillac, un parachutage d&rsquo;armes massif sur les maquis bretons, limousins et alpins. Les maquisards de la montagne limousine doivent converger autour du Mont Gargan pour r\u00e9cup\u00e9rer cette pr\u00e9cieuse livraison. Une op\u00e9ration risqu\u00e9e. Elle oblige \u00e0 accepter provisoirement d&rsquo;affronter ouvertement l&rsquo;occupant. D\u00e9but juin, les pr\u00e9c\u00e9dents affrontements avec l&rsquo;arm\u00e9e allemande et ses suppl\u00e9tifs ont cout\u00e9 cher aux r\u00e9sistants et \u00e0 la population.<\/p>\n\n\n\n<figure class=\"wp-block-embed aligncenter is-type-video is-provider-youtube wp-block-embed-youtube wp-embed-aspect-16-9 wp-has-aspect-ratio\"><div class=\"wp-block-embed__wrapper\">\n<iframe title=\"L&#039;incroyable assaut de la r\u00e9sistance - Bataille de Mont Gargan (1944)\" width=\"1200\" height=\"675\" src=\"https:\/\/www.youtube.com\/embed\/g0M-QP8EK8g?feature=oembed\" frameborder=\"0\" allow=\"accelerometer; autoplay; clipboard-write; encrypted-media; gyroscope; picture-in-picture; web-share\" referrerpolicy=\"strict-origin-when-cross-origin\" allowfullscreen><\/iframe>\n<\/div><\/figure>\n\n\n\n<h2 class=\"wp-block-heading\">Chacun son job<\/h2>\n\n\n\n<p class=\"has-text-align-justify has-medium-font-size wp-block-paragraph\">Benjamin Brillaud, qui est avant tout un professionnel de l&rsquo;audiovisuel, sait comment capter l&rsquo;attention en contant les anecdotes du pass\u00e9. Une approche du r\u00e9cit historique qui ne suffirait pas \u00e0 la transmission de la connaissance historique, mais qui a sa place pour diffuser des bribes de connaissance \u00e0 un public tr\u00e8s large. Avec pr\u00e8s de 30 000 vues en l&rsquo;espace de 3 \u00e0 4 heures, peu de passeurs d&rsquo;Histoire peuvent en faire autant. Sa chaine, qui compte presque un million d&rsquo;abonn\u00e9s, est une des grosses machines de Youtube.<\/p>\n\n\n\n<p class=\"has-text-align-justify has-medium-font-size wp-block-paragraph\">Nota Bene, au del\u00e0 de ces anecdotes incroyables, qui marquent les esprits (parmi lesquels il classe la bataille du Mont Gargan) et font du clic (plus de 900 000 vues pour certaines)  travaille \u00e9galement \u00e0 confronter Histoire, l\u00e9gendes, mythes, cin\u00e9ma et quelques r\u00e9flexions sur la transmission de la connaissance du pass\u00e9.<\/p>\n\n\n\n<p class=\"has-text-align-justify has-medium-font-size wp-block-paragraph\">A titre de comparaison, il rendrait jaloux des cha\u00eenes comme celles d&rsquo;Arte (plusieurs chaines th\u00e9matiques \u00e0 environ 200 000 abonn\u00e9s) ou l&rsquo;historien Histony, dont j&rsquo;ai, je crois, d\u00e9j\u00e0 parl\u00e9, qui ne compte pour sa part qu&rsquo;une quarantaine de milliers d&rsquo;abonn\u00e9s. Sans compter votre serviteur et ses&#8230; 30 abonn\u00e9s&#8230; (<a href=\"https:\/\/www.youtube.com\/channel\/UC8DbbisIF8UEnMLNLWzlsRw?view_as=subscriber\" target=\"_blank\" rel=\"noopener\">Je vous attends, d&rsquo;ailleurs, hein. N&rsquo;h\u00e9sitez pas, c&rsquo;est l\u00e0.<\/a>)<\/p>\n\n\n\n<p class=\"has-text-align-justify has-medium-font-size wp-block-paragraph\">A titre de comparaison, Histony travaille sur une mise en sc\u00e8ne des plus d\u00e9pouill\u00e9es : lui, parlant face cam\u00e9ra d&rsquo;un ton tr\u00e8s pos\u00e9, avec des mots tr\u00e8s choisis. En un sens, il respecte son profil de docteur en Histoire : prudence, rigueur et sobri\u00e9t\u00e9. L\u00e0 o\u00f9 Benjamin Brillaud, vid\u00e9aste, parle d&rsquo;un ton enjou\u00e9, avec un cadre plus l\u00e9ch\u00e9. Chacun est dans son r\u00f4le.<\/p>\n\n\n\n<h2 class=\"wp-block-heading\">Grand public et petits raccourcis<\/h2>\n\n\n\n<p class=\"has-text-align-justify has-medium-font-size wp-block-paragraph\">Naturellement, pass\u00e9 l&rsquo;enthousiasme de voir la bataille du Mont Gargan se voir offrir une telle vitrine, j&rsquo;ai sorti mes lunettes critiques. Et quelques points m&rsquo;ont fait tiquer.<\/p>\n\n\n\n<h2 class=\"has-text-align-justify has-medium-font-size wp-block-heading\"><strong>Oradour<\/strong><\/h2>\n\n\n\n<p class=\"has-text-align-justify has-medium-font-size wp-block-paragraph\">Ce ne sont pas des repr\u00e9sailles mais une action de terreur. <br \/>La Das Reich a d&rsquo;abord pour ordre la guerre contre les partisans du secteur de la montagne limousine. Ils ne re\u00e7oivent que le 9 juin l&rsquo;ordre de partir pour la Normandie. Ils d\u00e9cident alors de finir leur campagne de terreur par un coup particuli\u00e8rement choquant port\u00e9 \u00e0 la population : une bourgade importante o\u00f9 l&rsquo;activit\u00e9 maquisarde n&rsquo;est pas signal\u00e9 (il ne s&rsquo;agirait pas de devenir des cibles quand on massacre). M\u00eame s&rsquo;il n&rsquo;est pas possible d&rsquo;\u00e9tablir avec certitude les causes du choix d&rsquo;Oradour, il est possible que la taille, les conditions de s\u00e9curit\u00e9 pour les tueurs et la situation g\u00e9ographique d&rsquo;Oradour permettant de porter le choc du Limousin aux Charentes et au Berry ont pu d\u00e9terminer celui-ci.<br \/>Le terme de \u00ab\u00a0repr\u00e9sailles\u00a0\u00bb est entr\u00e9 dans les usages, mais les habitants d&rsquo;Oradour n&rsquo;avaient rien demand\u00e9. Les passeurs de la m\u00e9moire d&rsquo;Oradour, de Robert H\u00e9bras au personnel du centre de la M\u00e9moire et aux associations de victimes se battent justement, entre autre, sur ce point. (<a href=\"https:\/\/unpassetrespresent.com\/2019\/06\/18\/le-poids-des-maux-le-choc-des-gros-sabots\/\">Je vous propose de lire ou relire un pr\u00e9c\u00e9dent article o\u00f9 je me penchais sur la question.)<\/a><\/p>\n\n\n\n<h2 class=\"has-text-align-justify has-medium-font-size wp-block-heading\"><strong>Guingouin<\/strong> <\/h2>\n\n\n\n<p class=\"has-text-align-justify has-medium-font-size wp-block-paragraph\">Il ne devient chef des FFI qu&rsquo;apr\u00e8s cette bataille, le 3 ao\u00fbt. La rancune du PCF a \u00e9t\u00e9 tenace. En juin, il a d\u00e9sob\u00e9i \u00e0 la direction FTPF qui lui ordonnait la prise de Limoges. Bon choix pour Limoges et pour ses hommes, mais mauvais pour sa carri\u00e8re. Et les gaullistes \u00e9taient moyens chauds pour donner les r\u00eanes \u00e0 un coco, d&rsquo;autant plus en disposant \u00e0 proximit\u00e9 de Limoges du Commandant Pinte, officier de carri\u00e8re. C&rsquo;est la encore un petit d\u00e9tail qui donne beaucoup de sens \u00e0 tout \u00e7a. L&rsquo;apr\u00e8s guerre de Guingouin aurait aussi m\u00e9rit\u00e9 un petit propos, mais \u00e7a c&rsquo;est ma partie. <\/p>\n\n\n\n<h2 class=\"has-text-align-justify has-medium-font-size wp-block-heading\">Le bilan <\/h2>\n\n\n\n<p class=\"has-text-align-justify has-medium-font-size wp-block-paragraph\">Les maquisards connaissaient bien mieux le terrain. Les allemands ne sont pas parvenus \u00e0 d\u00e9truire ce maquis (au contraire des Gli\u00e8res, du mont Mouchet, du Vercors ou de Saint Marcel), et \u00e0 reconqu\u00e9rir le terrain. Il y a donc r\u00e9ellement une victoire de la R\u00e9sistance. <br \/>En revanche, les tu\u00e9s allemands sont peut-\u00eatre un peu sur \u00e9valu\u00e9s. Ils pourraient englober les pertes de la brigade Jesser pour l&rsquo;ensemble de son d\u00e9ploiement dans la r\u00e9gion, jusqu&rsquo;\u00e0 son repli, fin ao\u00fbt.<\/p>\n\n\n\n<p class=\"has-text-align-justify has-medium-font-size wp-block-paragraph\">S&rsquo;il est bon, je pense, ne serait-ce qu&rsquo;en m\u00e9moire de celles et ceux qui y ont laiss\u00e9 leur vie, de se souvenir de cette victoire de l&rsquo;arm\u00e9e des ombres, il est important de garder en t\u00eate les limites de cette victoire. S&rsquo;il y a effectivement une p\u00e9riode de bataille rang\u00e9e entre maquisards du sud est haut-viennois et troupes allemandes, c&rsquo;est bien d&rsquo;un \u00e9pisode de guerre de gu\u00e9rilla que le Mont Gargan a \u00e9t\u00e9 le th\u00e9\u00e2tre. Le terme de bataille rang\u00e9e peut \u00eatre employ\u00e9 mais avec une dose de prudence. Guingouin et ses hommes n&rsquo;ont pas l&rsquo;ambition de tenir le terrain co\u00fbte que co\u00fbte mais de faire dispara\u00eetre le mat\u00e9riel dont ils vont avoir besoin dans les semaines \u00e0 venir et pr\u00e9server l&rsquo;int\u00e9grit\u00e9 de leur organisation. En cela, c&rsquo;est une victoire du maquis. <\/p>\n\n\n\n<p class=\"has-text-align-justify has-medium-font-size wp-block-paragraph\">Ces pr\u00e9cisions valent \u00e0 mon sens d&rsquo;\u00eatre apport\u00e9es pour que l&rsquo;Histoire ne devienne pas folklore. Mais reconnaissons \u00e0 Nota Bene de r\u00e9ussir \u00e0 parler d&rsquo;un petit coin de la deuxi\u00e8me bataille de France en l&rsquo;espace de 10 minutes en gardant son public jusqu&rsquo;au bout et en ne racontant pas trop de b\u00eatises. C&rsquo;est toujours mieux que&#8230; Hum&#8230; <\/p>\n\n\n\n<p class=\"has-text-align-justify has-medium-font-size wp-block-paragraph\">Pas sur les ambulances. (Mais oui, je parle de Bern et Deutsche.)<\/p>\n\n\n\n<div class=\"wp-block-group\"><div class=\"wp-block-group__inner-container is-layout-flow wp-block-group-is-layout-flow\">\n<div class=\"wp-block-group has-white-background-color has-background has-small-padding\"><div class=\"wp-block-group__inner-container is-layout-flow wp-block-group-is-layout-flow\">\n<div class=\"wp-block-columns is-layout-flex wp-container-core-columns-is-layout-8f761849 wp-block-columns-is-layout-flex\">\n<div class=\"wp-block-column is-vertically-aligned-center is-layout-flow wp-block-column-is-layout-flow\">\n<div class=\"wp-block-buttons is-content-justification-center is-layout-flex wp-container-core-buttons-is-layout-fe48e5de wp-block-buttons-is-layout-flex\">\n<div class=\"wp-block-button has-custom-width wp-block-button__width-50\"><a class=\"wp-block-button__link has-white-color has-vivid-red-background-color has-text-color has-background\" href=\"https:\/\/unpassetrespresent.com\/2020\/02\/28\/le-nez-dans-le-guidon\/\" style=\"border-radius:7px\" target=\"_blank\" rel=\"noreferrer noopener\">2 minutes pour 3 questions ?<\/a><\/div>\n<\/div>\n<\/div>\n<\/div>\n\n\n\n<div class=\"wp-block-columns is-layout-flex wp-container-core-columns-is-layout-8f761849 wp-block-columns-is-layout-flex\">\n<div class=\"wp-block-column is-layout-flow wp-block-column-is-layout-flow\">\n<p class=\"has-text-align-left has-black-color has-light-blue-background-color has-text-color has-background wp-block-paragraph\" style=\"font-size:24px\"><em><strong>Pour soutenir le projet Un pass\u00e9 tr\u00e8s pr\u00e9sent, il y a plusieurs fa\u00e7ons que j&rsquo;ai d\u00e9taill\u00e9es <a href=\"https:\/\/unpassetrespresent.com\/contribuez-au-projet\/\" target=\"_blank\" rel=\"noreferrer noopener\">ICI<\/a>.<\/strong><\/em><br \/><em>N&rsquo;oubliez pas de vous abonner et de fouiller dans le petit bloc ci-dessous pour mettre un petit <strong>\u00ab\u00a0J&rsquo;aime\u00a0\u00bb<\/strong> et un petit partage. <\/em><br \/><em><strong><span class=\"uppercase\">Merci !<\/span><\/strong><\/em><\/p>\n\n\n\n<div class=\"wp-block-group\"><div class=\"wp-block-group__inner-container is-layout-flow wp-block-group-is-layout-flow\">\n\n<\/div><\/div>\n<\/div>\n<\/div>\n<\/div><\/div>\n<\/div><\/div>\n","protected":false},"excerpt":{"rendered":"<p>J&rsquo;avais annonc\u00e9 que le prochain passage par la culture populaire rendrait visite \u00e0 Mister Kit, mais Youtube est pass\u00e9 par l\u00e0. (NdlA : Oui, d&rsquo;ailleurs, Mister Kit attend toujours&#8230;) Benjamin Brillaud, alias Nota Bene, est un des youtubers parlant d&rsquo;Histoire avec le plus de succ\u00e8s sur la plateforme vid\u00e9os de Google. Il a consacr\u00e9 sa &#8230; <a title=\"CULTURE POPULAIRE ET M\u00c9MOIRE (HORS-S\u00c9RIE) : NOTA BENE AU MONT GARGAN\" class=\"read-more\" href=\"https:\/\/unpassetrespresent.com\/fr_fr\/culture-populaire-et-memoire-hors-serie-nota-bene-au-mont-gargan\/\" aria-label=\"En savoir plus sur CULTURE POPULAIRE ET M\u00c9MOIRE (HORS-S\u00c9RIE) : NOTA BENE AU MONT GARGAN\">Lire la suite<\/a><\/p>\n","protected":false},"author":31877977,"featured_media":0,"comment_status":"open","ping_status":"open","sticky":false,"template":"","format":"standard","meta":{"_wpcom_ai_launchpad_first_post":false,"footnotes":"","jetpack_publicize_message":"Culture populaire et m\u00e9moire (hors-s\u00e9rie) : Nota Bene au Mont Gargan\n\nLa bataille du Mont Gargan, victoire des maquis de Haute-Vienne sur une cha\u00eene \u00e0 audience.","jetpack_publicize_feature_enabled":true,"jetpack_social_post_already_shared":false,"jetpack_social_options":{"image_generator_settings":{"template":"highway","default_image_id":0,"font":"","enabled":false},"version":2},"_wpas_customize_per_network":false,"jetpack_post_was_ever_published":false},"categories":[27785,8099,8737],"tags":[778139,701536662,701536609,701536610,723229,179880],"class_list":["post-613","post","type-post","status-publish","format-standard","hentry","category-histoire","category-region","category-pop-culture","tag-deuxieme-guerre-mondiale","tag-cinema","tag-culture","tag-lieux-et-dates","tag-limousin","tag-memoire"],"jetpack_publicize_connections":[],"jetpack_likes_enabled":true,"jetpack_shortlink":"https:\/\/wp.me\/paCHR7-9T","jetpack-related-posts":[{"id":10902,"url":"https:\/\/unpassetrespresent.com\/fr_fr\/matt-pokora-oradour-transmission-memorielle\/","url_meta":{"origin":613,"position":0},"title":"Transmission M\u00e9morielle \u00e0 Oradour : Quand la pop rencontre l&rsquo;Histoire Traumatique","author":"Martial Roche","date":"26 septembre 2025","format":false,"excerpt":"Transmission M\u00e9morielle \u00e0 Oradour : Quand la pop rencontre l'Histoire Traumatique \u00a0 \u00a0 L'onde de choc du projet : Matt Pokora et Oradour \u00a0 Un projet de t\u00e9l\u00e9film de fiction sur le massacre d\u2019Oradour-sur-Glane est en cours de pr\u00e9paration, suscitant un d\u00e9bat passionnant et n\u00e9cessaire autour de la transmission m\u00e9morielle.\u2026","rel":"","context":"Dans &quot;Histoire&quot;","block_context":{"text":"Histoire","link":"https:\/\/unpassetrespresent.com\/fr_fr\/category\/histoire\/"},"img":{"alt_text":"","src":"","width":0,"height":0},"classes":[]},{"id":354,"url":"https:\/\/unpassetrespresent.com\/fr_fr\/brand-new-cadillac\/","url_meta":{"origin":613,"position":1},"title":"BRAND NEW CADILLAC","author":"Martial Roche","date":"14 juillet 2019","format":false,"excerpt":"Le 14 juillet 1944, les alli\u00e9s proc\u00e8dent \u00e0 l'op\u00e9ration Cadillac. Des centaines de \"forteresses volantes\" parachutent en masse armes et mat\u00e9riel sur les maquis du Limousin aux Alpes. Il semblerait que des aviateurs voulant marquer le coup de ce \"Bastille Day\" aient \u00e9quip\u00e9 des conteneurs de parachutes bleus, blancs et\u2026","rel":"","context":"Dans &quot;Histoire&quot;","block_context":{"text":"Histoire","link":"https:\/\/unpassetrespresent.com\/fr_fr\/category\/histoire\/"},"img":{"alt_text":"","src":"https:\/\/i0.wp.com\/museedelaresistanceenligne.org\/musee\/doc\/image\/recto\/grande\/7510.jpg?resize=350%2C200","width":350,"height":200,"srcset":"https:\/\/i0.wp.com\/museedelaresistanceenligne.org\/musee\/doc\/image\/recto\/grande\/7510.jpg?resize=350%2C200 1x, https:\/\/i0.wp.com\/museedelaresistanceenligne.org\/musee\/doc\/image\/recto\/grande\/7510.jpg?resize=525%2C300 1.5x, https:\/\/i0.wp.com\/museedelaresistanceenligne.org\/musee\/doc\/image\/recto\/grande\/7510.jpg?resize=700%2C400 2x"},"classes":[]},{"id":596,"url":"https:\/\/unpassetrespresent.com\/fr_fr\/culture-populaire-et-memoire-feuilletons-quelques-comics\/","url_meta":{"origin":613,"position":2},"title":"CULTURE POPULAIRE ET M\u00c9MOIRE : FEUILLETONS QUELQUES COMICS","author":"Martial Roche","date":"26 ao\u00fbt 2019","format":false,"excerpt":"Deuxi\u00e8me \u00e9pisode dans la pop-culture apr\u00e8s mon badinage sur OSS 117. J'ai eu la surprise de croiser un de mes enseignants sur les r\u00e9seaux sociaux. Non que j'ai trouv\u00e9 son compte Facebook, tout enseignant se voyant confier des adolescents se m\u00e9fie. Simplement une vid\u00e9o de France Culture me donnant la\u2026","rel":"","context":"Dans &quot;M\u00e9moire et soci\u00e9t\u00e9&quot;","block_context":{"text":"M\u00e9moire et soci\u00e9t\u00e9","link":"https:\/\/unpassetrespresent.com\/fr_fr\/category\/memoire-et-societe\/"},"img":{"alt_text":"","src":"https:\/\/i0.wp.com\/unpassetrespresent.com\/wp-content\/uploads\/2019\/08\/capture-de28099ecc81cran-2019-08-26-acc80-19.56.36.webp?resize=350%2C200&ssl=1","width":350,"height":200,"srcset":"https:\/\/i0.wp.com\/unpassetrespresent.com\/wp-content\/uploads\/2019\/08\/capture-de28099ecc81cran-2019-08-26-acc80-19.56.36.webp?resize=350%2C200&ssl=1 1x, https:\/\/i0.wp.com\/unpassetrespresent.com\/wp-content\/uploads\/2019\/08\/capture-de28099ecc81cran-2019-08-26-acc80-19.56.36.webp?resize=525%2C300&ssl=1 1.5x, https:\/\/i0.wp.com\/unpassetrespresent.com\/wp-content\/uploads\/2019\/08\/capture-de28099ecc81cran-2019-08-26-acc80-19.56.36.webp?resize=700%2C400&ssl=1 2x, https:\/\/i0.wp.com\/unpassetrespresent.com\/wp-content\/uploads\/2019\/08\/capture-de28099ecc81cran-2019-08-26-acc80-19.56.36.webp?resize=1050%2C600&ssl=1 3x, https:\/\/i0.wp.com\/unpassetrespresent.com\/wp-content\/uploads\/2019\/08\/capture-de28099ecc81cran-2019-08-26-acc80-19.56.36.webp?resize=1400%2C800&ssl=1 4x"},"classes":[]},{"id":1001,"url":"https:\/\/unpassetrespresent.com\/fr_fr\/jecris-ton-nom\/","url_meta":{"origin":613,"position":3},"title":"J&rsquo;\u00c9CRIS TON NOM&#8230;","author":"Martial Roche","date":"5 septembre 2019","format":false,"excerpt":"\u00c9coutez la chronique radio en cliquant sur l'image. Faute de temps pour moi-m\u00eame \u00e9crire, je me permets de relayer ici ces mots d'Aur\u00e9lien Bellanger hier matin sur France Culture. La conclusion du 4 septembre, 8h45 Sans doute que la po\u00e9sie a chant\u00e9 la geste de la r\u00e9sistance parce que celle-ci\u2026","rel":"","context":"Dans &quot;Histoire&quot;","block_context":{"text":"Histoire","link":"https:\/\/unpassetrespresent.com\/fr_fr\/category\/histoire\/"},"img":{"alt_text":"","src":"https:\/\/i0.wp.com\/unpassetrespresent.com\/wp-content\/uploads\/2019\/09\/img_20190904_172912-e1762849719756.webp?fit=1200%2C755&ssl=1&resize=350%2C200","width":350,"height":200,"srcset":"https:\/\/i0.wp.com\/unpassetrespresent.com\/wp-content\/uploads\/2019\/09\/img_20190904_172912-e1762849719756.webp?fit=1200%2C755&ssl=1&resize=350%2C200 1x, https:\/\/i0.wp.com\/unpassetrespresent.com\/wp-content\/uploads\/2019\/09\/img_20190904_172912-e1762849719756.webp?fit=1200%2C755&ssl=1&resize=525%2C300 1.5x, https:\/\/i0.wp.com\/unpassetrespresent.com\/wp-content\/uploads\/2019\/09\/img_20190904_172912-e1762849719756.webp?fit=1200%2C755&ssl=1&resize=700%2C400 2x, https:\/\/i0.wp.com\/unpassetrespresent.com\/wp-content\/uploads\/2019\/09\/img_20190904_172912-e1762849719756.webp?fit=1200%2C755&ssl=1&resize=1050%2C600 3x"},"classes":[]},{"id":346,"url":"https:\/\/unpassetrespresent.com\/fr_fr\/ca-pourrait-commencer-comme-ca\/","url_meta":{"origin":613,"position":4},"title":"\u00c7A POURRAIT COMMENCER COMME \u00c7A","author":"Martial Roche","date":"11 juillet 2019","format":"image","excerpt":"","rel":"","context":"Dans &quot;Courrier des lecteurs&quot;","block_context":{"text":"Courrier des lecteurs","link":"https:\/\/unpassetrespresent.com\/fr_fr\/category\/courrier-des-lecteurs\/"},"img":{"alt_text":"","src":"https:\/\/i0.wp.com\/unpassetrespresent.com\/wp-content\/uploads\/2019\/07\/capture-de28099ecc81cran-2019-07-11-acc80-15.40.53.webp?resize=350%2C200&ssl=1","width":350,"height":200,"srcset":"https:\/\/i0.wp.com\/unpassetrespresent.com\/wp-content\/uploads\/2019\/07\/capture-de28099ecc81cran-2019-07-11-acc80-15.40.53.webp?resize=350%2C200&ssl=1 1x, https:\/\/i0.wp.com\/unpassetrespresent.com\/wp-content\/uploads\/2019\/07\/capture-de28099ecc81cran-2019-07-11-acc80-15.40.53.webp?resize=525%2C300&ssl=1 1.5x, https:\/\/i0.wp.com\/unpassetrespresent.com\/wp-content\/uploads\/2019\/07\/capture-de28099ecc81cran-2019-07-11-acc80-15.40.53.webp?resize=700%2C400&ssl=1 2x"},"classes":[]},{"id":11122,"url":"https:\/\/unpassetrespresent.com\/fr_fr\/graffitis-et-memoire\/","url_meta":{"origin":613,"position":5},"title":"Avis de Recherche : Qui se cache derri\u00e8re les graffitis Guingouin et Oradour en Limousin ?","author":"Martial Roche","date":"3 novembre 2025","format":false,"excerpt":"\ud83d\udce2 APPEL \u00c0 T\u00c9MOINS : Auteurs de graffitis de la R\u00e9sistance, parlez-nous ! \u270d\ufe0f Quand la R\u00e9sistance s'\u00e9crit sur les murs : Guingouin, Oradour et la m\u00e9moire tagu\u00e9e \u00a0 De la Rome antique aux r\u00e9volutions du XXe si\u00e8cle, le graffiti a toujours \u00e9t\u00e9 la voix du peuple, le canal d'expression\u2026","rel":"","context":"Dans &quot;Courrier des lecteurs&quot;","block_context":{"text":"Courrier des lecteurs","link":"https:\/\/unpassetrespresent.com\/fr_fr\/category\/courrier-des-lecteurs\/"},"img":{"alt_text":"Au printemps 2009, au cours de l'affaire de Tarnac, sur un hangar de la gare d'Eymoutiers, un tag fait le parall\u00e8le entre Julien Coupat, principale figure du groupe d'inculp\u00e9s de l'affaire, et Georges Guingouin. Il se trouve que c'est dans ces lieux que Guingouin a men\u00e9 sa premi\u00e8re op\u00e9ration de sabotage d'envergure en dynamitant une botteleuse destin\u00e9e \u00e0 la r\u00e9quisition du foin.","src":"https:\/\/i0.wp.com\/unpassetrespresent.com\/wp-content\/uploads\/2019\/03\/tag-eymoutiers-10-ans-grande.webp?resize=350%2C200&ssl=1","width":350,"height":200,"srcset":"https:\/\/i0.wp.com\/unpassetrespresent.com\/wp-content\/uploads\/2019\/03\/tag-eymoutiers-10-ans-grande.webp?resize=350%2C200&ssl=1 1x, https:\/\/i0.wp.com\/unpassetrespresent.com\/wp-content\/uploads\/2019\/03\/tag-eymoutiers-10-ans-grande.webp?resize=525%2C300&ssl=1 1.5x, https:\/\/i0.wp.com\/unpassetrespresent.com\/wp-content\/uploads\/2019\/03\/tag-eymoutiers-10-ans-grande.webp?resize=700%2C400&ssl=1 2x, https:\/\/i0.wp.com\/unpassetrespresent.com\/wp-content\/uploads\/2019\/03\/tag-eymoutiers-10-ans-grande.webp?resize=1050%2C600&ssl=1 3x"},"classes":[]}],"jetpack_featured_media_url":"","_links":{"self":[{"href":"https:\/\/unpassetrespresent.com\/fr_fr\/wp-json\/wp\/v2\/posts\/613","targetHints":{"allow":["GET"]}}],"collection":[{"href":"https:\/\/unpassetrespresent.com\/fr_fr\/wp-json\/wp\/v2\/posts"}],"about":[{"href":"https:\/\/unpassetrespresent.com\/fr_fr\/wp-json\/wp\/v2\/types\/post"}],"author":[{"embeddable":true,"href":"https:\/\/unpassetrespresent.com\/fr_fr\/wp-json\/wp\/v2\/users\/31877977"}],"replies":[{"embeddable":true,"href":"https:\/\/unpassetrespresent.com\/fr_fr\/wp-json\/wp\/v2\/comments?post=613"}],"version-history":[{"count":14,"href":"https:\/\/unpassetrespresent.com\/fr_fr\/wp-json\/wp\/v2\/posts\/613\/revisions"}],"predecessor-version":[{"id":5805,"href":"https:\/\/unpassetrespresent.com\/fr_fr\/wp-json\/wp\/v2\/posts\/613\/revisions\/5805"}],"wp:attachment":[{"href":"https:\/\/unpassetrespresent.com\/fr_fr\/wp-json\/wp\/v2\/media?parent=613"}],"wp:term":[{"taxonomy":"category","embeddable":true,"href":"https:\/\/unpassetrespresent.com\/fr_fr\/wp-json\/wp\/v2\/categories?post=613"},{"taxonomy":"post_tag","embeddable":true,"href":"https:\/\/unpassetrespresent.com\/fr_fr\/wp-json\/wp\/v2\/tags?post=613"}],"curies":[{"name":"wp","href":"https:\/\/api.w.org\/{rel}","templated":true}]}}